{"id":2498,"date":"2010-02-26T22:41:38","date_gmt":"2010-02-26T21:41:38","guid":{"rendered":"http:\/\/www.ticmais.pt\/?p=2498"},"modified":"2010-02-26T22:41:38","modified_gmt":"2010-02-26T21:41:38","slug":"so-7-paises-do-g20-entre-os-maiores-na-fibra","status":"publish","type":"post","link":"https:\/\/www.ticmais.pt\/?p=2498","title":{"rendered":"S\u00f3 7 pa\u00edses do G20 entre os maiores na fibra"},"content":{"rendered":"<table style=\"width: 100%;\" border=\"0\" cellspacing=\"5\" cellpadding=\"5\" align=\"justify\">\n<tbody>\n<tr>\n<td width=\"160\" valign=\"top\">\n<p><img decoding=\"async\" src=\"\/\/www.ticmais.pt\/ticmais\/imagens\/So%207%20paises%20do%20G20%20entre%20os%20maiores%20na%20fibra.jpg\" alt=\"\" \/><\/p>\n<\/td>\n<td valign=\"top\">\n<p style=\"text-align: justify;\">Depois do ranking europeu de pa\u00edses com maior taxa de penetra\u00e7\u00e3o de servi\u00e7os de fibra, em que Portugal conseguiu entrar este ano, o FTTH Council Europe divulgou ontem a an\u00e1lise global, que inclui os resultados dos estudos realizados pelos seus cong\u00e9neres americano e asi\u00e1tico. <a href=\"http:\/\/tek.sapo.pt\/noticias\/telecomunicacoes\/so_7_paises_do_g20_entre_os_maiores_na_fibra_1048866.html\" target=\"_blank\">Mais&#8230;\u00a0<\/a><\/p>\n<\/td>\n<\/tr>\n<\/tbody>\n<\/table>\n<p><br class=\"spacer_\" \/><\/p>\n","protected":false},"excerpt":{"rendered":"<p>Depois do ranking europeu de pa\u00edses com maior taxa de penetra\u00e7\u00e3o de servi\u00e7os de fibra, em que Portugal conseguiu entrar este ano, o FTTH Council Europe divulgou ontem a an\u00e1lise global, que inclui os resultados dos estudos realizados pelos seus cong\u00e9neres americano e asi\u00e1tico. Mais&#8230;\u00a0<\/p>\n","protected":false},"author":1,"featured_media":0,"comment_status":"closed","ping_status":"closed","sticky":false,"template":"","format":"standard","meta":{"footnotes":""},"categories":[15],"tags":[124,829,34,716,86],"class_list":["post-2498","post","type-post","status-publish","format-standard","hentry","category-tic-mais","tag-fibra-optica","tag-ftth","tag-internet","tag-ranking","tag-redes"],"_links":{"self":[{"href":"https:\/\/www.ticmais.pt\/index.php?rest_route=\/wp\/v2\/posts\/2498","targetHints":{"allow":["GET"]}}],"collection":[{"href":"https:\/\/www.ticmais.pt\/index.php?rest_route=\/wp\/v2\/posts"}],"about":[{"href":"https:\/\/www.ticmais.pt\/index.php?rest_route=\/wp\/v2\/types\/post"}],"author":[{"embeddable":true,"href":"https:\/\/www.ticmais.pt\/index.php?rest_route=\/wp\/v2\/users\/1"}],"replies":[{"embeddable":true,"href":"https:\/\/www.ticmais.pt\/index.php?rest_route=%2Fwp%2Fv2%2Fcomments&post=2498"}],"version-history":[{"count":0,"href":"https:\/\/www.ticmais.pt\/index.php?rest_route=\/wp\/v2\/posts\/2498\/revisions"}],"wp:attachment":[{"href":"https:\/\/www.ticmais.pt\/index.php?rest_route=%2Fwp%2Fv2%2Fmedia&parent=2498"}],"wp:term":[{"taxonomy":"category","embeddable":true,"href":"https:\/\/www.ticmais.pt\/index.php?rest_route=%2Fwp%2Fv2%2Fcategories&post=2498"},{"taxonomy":"post_tag","embeddable":true,"href":"https:\/\/www.ticmais.pt\/index.php?rest_route=%2Fwp%2Fv2%2Ftags&post=2498"}],"curies":[{"name":"wp","href":"https:\/\/api.w.org\/{rel}","templated":true}]}}