{"id":2505,"date":"2010-03-01T17:18:24","date_gmt":"2010-03-01T16:18:24","guid":{"rendered":"http:\/\/www.ticmais.pt\/?p=2505"},"modified":"2010-03-01T17:18:24","modified_gmt":"2010-03-01T16:18:24","slug":"sonaecom-opoe-se-a-revogacao-da-licenca-de-tdt-paga","status":"publish","type":"post","link":"https:\/\/www.ticmais.pt\/?p=2505","title":{"rendered":"Sonaecom op\u00f5e-se \u00e0 revoga\u00e7\u00e3o da licen\u00e7a de TDT paga"},"content":{"rendered":"<table style=\"width: 100%;\" border=\"0\" cellspacing=\"5\" cellpadding=\"5\" align=\"justify\">\n<tbody>\n<tr>\n<td width=\"160\" valign=\"top\">\n<p><img decoding=\"async\" src=\"\/\/www.ticmais.pt\/ticmais\/imagens\/Sonaecom%20opoe%20se%20a%20revogacao%20da%20licenca%20de%20TDT%20paga.jpg\" alt=\"\" \/><\/p>\n<\/td>\n<td valign=\"top\">\n<p style=\"text-align: justify;\">A opini\u00e3o contr\u00e1ria da Entidade Reguladora para a Comunica\u00e7\u00e3o Social (ERC) \u00e0 revoga\u00e7\u00e3o da licen\u00e7a de TDT paga da PT j\u00e1 \u00e9 conhecida, mas agora tamb\u00e9m a Sonaecom vem mostrar a sua oposi\u00e7\u00e3o a este cen\u00e1rio. <a href=\"http:\/\/tek.sapo.pt\/noticias\/telecomunicacoes\/sonaecom_opoe_se_a_revogacao_da_licenca_de_td_1049440.html\" target=\"_blank\">Mais&#8230;\u00a0<\/a><\/p>\n<\/td>\n<\/tr>\n<\/tbody>\n<\/table>\n<p><br class=\"spacer_\" \/><\/p>\n","protected":false},"excerpt":{"rendered":"<p>A opini\u00e3o contr\u00e1ria da Entidade Reguladora para a Comunica\u00e7\u00e3o Social (ERC) \u00e0 revoga\u00e7\u00e3o da licen\u00e7a de TDT paga da PT j\u00e1 \u00e9 conhecida, mas agora tamb\u00e9m a Sonaecom vem mostrar a sua oposi\u00e7\u00e3o a este cen\u00e1rio. Mais&#8230;\u00a0<\/p>\n","protected":false},"author":1,"featured_media":0,"comment_status":"closed","ping_status":"closed","sticky":false,"template":"","format":"standard","meta":{"footnotes":""},"categories":[15],"tags":[413,822,376,383,181],"class_list":["post-2505","post","type-post","status-publish","format-standard","hentry","category-tic-mais","tag-anacom","tag-erc","tag-portugal-telecom","tag-sonaecom","tag-tdt"],"_links":{"self":[{"href":"https:\/\/www.ticmais.pt\/index.php?rest_route=\/wp\/v2\/posts\/2505","targetHints":{"allow":["GET"]}}],"collection":[{"href":"https:\/\/www.ticmais.pt\/index.php?rest_route=\/wp\/v2\/posts"}],"about":[{"href":"https:\/\/www.ticmais.pt\/index.php?rest_route=\/wp\/v2\/types\/post"}],"author":[{"embeddable":true,"href":"https:\/\/www.ticmais.pt\/index.php?rest_route=\/wp\/v2\/users\/1"}],"replies":[{"embeddable":true,"href":"https:\/\/www.ticmais.pt\/index.php?rest_route=%2Fwp%2Fv2%2Fcomments&post=2505"}],"version-history":[{"count":0,"href":"https:\/\/www.ticmais.pt\/index.php?rest_route=\/wp\/v2\/posts\/2505\/revisions"}],"wp:attachment":[{"href":"https:\/\/www.ticmais.pt\/index.php?rest_route=%2Fwp%2Fv2%2Fmedia&parent=2505"}],"wp:term":[{"taxonomy":"category","embeddable":true,"href":"https:\/\/www.ticmais.pt\/index.php?rest_route=%2Fwp%2Fv2%2Fcategories&post=2505"},{"taxonomy":"post_tag","embeddable":true,"href":"https:\/\/www.ticmais.pt\/index.php?rest_route=%2Fwp%2Fv2%2Ftags&post=2505"}],"curies":[{"name":"wp","href":"https:\/\/api.w.org\/{rel}","templated":true}]}}