{"id":2507,"date":"2010-03-01T18:15:05","date_gmt":"2010-03-01T17:15:05","guid":{"rendered":"http:\/\/www.ticmais.pt\/?p=2507"},"modified":"2010-03-01T18:15:05","modified_gmt":"2010-03-01T17:15:05","slug":"preco-da-banda-larga-fixa-caiu-42-por-cento-em-todo-o-mundo","status":"publish","type":"post","link":"https:\/\/www.ticmais.pt\/?p=2507","title":{"rendered":"Pre\u00e7o da banda larga fixa caiu 42 por cento em todo o mundo"},"content":{"rendered":"<table style=\"width: 100%;\" border=\"0\" cellspacing=\"5\" cellpadding=\"5\" align=\"justify\">\n<tbody>\n<tr>\n<td width=\"160\" valign=\"top\">\n<p><img decoding=\"async\" src=\"\/\/www.ticmais.pt\/ticmais\/imagens\/Preco%20da%20banda%20larga%20fixa%20caiu%2042%20por%20cento%20em%20todo%20o%20mundo.jpg\" alt=\"\" \/><\/p>\n<\/td>\n<td valign=\"top\">\n<p style=\"text-align: justify;\">Embora os pre\u00e7os dos servi\u00e7os de TIC estejam a cair em todo o mundo, a Internet de banda larga continua fora do alcance de muitos habitantes de pa\u00edses pobres. Pelo menos esta \u00e9 a convic\u00e7\u00e3o da Uni\u00e3o Internacional das Telecomunica\u00e7\u00f5es (UIT). <a href=\"http:\/\/www.computerworld.com.pt\/2010\/02\/26\/preco-da-banda-larga-fixa-caiu-42-por-cento-em-todo-o-mundo\/\" target=\"_blank\">Mais&#8230;\u00a0<\/a><\/p>\n<\/td>\n<\/tr>\n<\/tbody>\n<\/table>\n<p><br class=\"spacer_\" \/><\/p>\n","protected":false},"excerpt":{"rendered":"<p>Embora os pre\u00e7os dos servi\u00e7os de TIC estejam a cair em todo o mundo, a Internet de banda larga continua fora do alcance de muitos habitantes de pa\u00edses pobres. Pelo menos esta \u00e9 a convic\u00e7\u00e3o da Uni\u00e3o Internacional das Telecomunica\u00e7\u00f5es (UIT). Mais&#8230;\u00a0<\/p>\n","protected":false},"author":1,"featured_media":0,"comment_status":"closed","ping_status":"closed","sticky":false,"template":"","format":"standard","meta":{"footnotes":""},"categories":[15],"tags":[769,8,34,363,848],"class_list":["post-2507","post","type-post","status-publish","format-standard","hentry","category-tic-mais","tag-banda-larga","tag-inclusao-digital","tag-internet","tag-tic","tag-uit"],"_links":{"self":[{"href":"https:\/\/www.ticmais.pt\/index.php?rest_route=\/wp\/v2\/posts\/2507","targetHints":{"allow":["GET"]}}],"collection":[{"href":"https:\/\/www.ticmais.pt\/index.php?rest_route=\/wp\/v2\/posts"}],"about":[{"href":"https:\/\/www.ticmais.pt\/index.php?rest_route=\/wp\/v2\/types\/post"}],"author":[{"embeddable":true,"href":"https:\/\/www.ticmais.pt\/index.php?rest_route=\/wp\/v2\/users\/1"}],"replies":[{"embeddable":true,"href":"https:\/\/www.ticmais.pt\/index.php?rest_route=%2Fwp%2Fv2%2Fcomments&post=2507"}],"version-history":[{"count":0,"href":"https:\/\/www.ticmais.pt\/index.php?rest_route=\/wp\/v2\/posts\/2507\/revisions"}],"wp:attachment":[{"href":"https:\/\/www.ticmais.pt\/index.php?rest_route=%2Fwp%2Fv2%2Fmedia&parent=2507"}],"wp:term":[{"taxonomy":"category","embeddable":true,"href":"https:\/\/www.ticmais.pt\/index.php?rest_route=%2Fwp%2Fv2%2Fcategories&post=2507"},{"taxonomy":"post_tag","embeddable":true,"href":"https:\/\/www.ticmais.pt\/index.php?rest_route=%2Fwp%2Fv2%2Ftags&post=2507"}],"curies":[{"name":"wp","href":"https:\/\/api.w.org\/{rel}","templated":true}]}}