{"id":2510,"date":"2010-03-02T15:30:07","date_gmt":"2010-03-02T14:30:07","guid":{"rendered":"http:\/\/www.ticmais.pt\/?p=2510"},"modified":"2010-03-02T15:30:07","modified_gmt":"2010-03-02T14:30:07","slug":"cebit-com-duas-dezenas-de-presencas-nacionais","status":"publish","type":"post","link":"https:\/\/www.ticmais.pt\/?p=2510","title":{"rendered":"CeBIT com duas dezenas de presen\u00e7as nacionais"},"content":{"rendered":"<table style=\"width: 100%;\" border=\"0\" cellspacing=\"5\" cellpadding=\"5\" align=\"justify\">\n<tbody>\n<tr>\n<td width=\"160\" valign=\"top\">\n<p><img decoding=\"async\" src=\"\/\/www.ticmais.pt\/ticmais\/imagens\/CeBIT%20com%20duas%20dezenas%20de%20presencas%20nacionais.jpg\" alt=\"\" \/><\/p>\n<\/td>\n<td valign=\"top\">\n<p style=\"text-align: justify;\">Arrancou hoje mais uma edi\u00e7\u00e3o da CeBIT, a maior feira europeia das Tecnologias de Informa\u00e7\u00e3o e Comunica\u00e7\u00e3o, que este ano tem como pa\u00eds convidado Espanha. A Hannover volta este ano um pavilh\u00e3o portugu\u00eas, que agrupa nove empresas. <a href=\"http:\/\/tek.sapo.pt\/noticias\/telecomunicacoes\/cebit_com_duas_dezenas_de_presencas_nacionais_1049889.html\" target=\"_blank\">Mais&#8230;<\/a><\/p>\n<\/td>\n<\/tr>\n<\/tbody>\n<\/table>\n<p><br class=\"spacer_\" \/><\/p>\n","protected":false},"excerpt":{"rendered":"<p>Arrancou hoje mais uma edi\u00e7\u00e3o da CeBIT, a maior feira europeia das Tecnologias de Informa\u00e7\u00e3o e Comunica\u00e7\u00e3o, que este ano tem como pa\u00eds convidado Espanha. A Hannover volta este ano um pavilh\u00e3o portugu\u00eas, que agrupa nove empresas. Mais&#8230;<\/p>\n","protected":false},"author":1,"featured_media":0,"comment_status":"closed","ping_status":"closed","sticky":false,"template":"","format":"standard","meta":{"footnotes":""},"categories":[15],"tags":[249,70,28],"class_list":["post-2510","post","type-post","status-publish","format-standard","hentry","category-tic-mais","tag-cebit","tag-feira","tag-tecnologia"],"_links":{"self":[{"href":"https:\/\/www.ticmais.pt\/index.php?rest_route=\/wp\/v2\/posts\/2510","targetHints":{"allow":["GET"]}}],"collection":[{"href":"https:\/\/www.ticmais.pt\/index.php?rest_route=\/wp\/v2\/posts"}],"about":[{"href":"https:\/\/www.ticmais.pt\/index.php?rest_route=\/wp\/v2\/types\/post"}],"author":[{"embeddable":true,"href":"https:\/\/www.ticmais.pt\/index.php?rest_route=\/wp\/v2\/users\/1"}],"replies":[{"embeddable":true,"href":"https:\/\/www.ticmais.pt\/index.php?rest_route=%2Fwp%2Fv2%2Fcomments&post=2510"}],"version-history":[{"count":0,"href":"https:\/\/www.ticmais.pt\/index.php?rest_route=\/wp\/v2\/posts\/2510\/revisions"}],"wp:attachment":[{"href":"https:\/\/www.ticmais.pt\/index.php?rest_route=%2Fwp%2Fv2%2Fmedia&parent=2510"}],"wp:term":[{"taxonomy":"category","embeddable":true,"href":"https:\/\/www.ticmais.pt\/index.php?rest_route=%2Fwp%2Fv2%2Fcategories&post=2510"},{"taxonomy":"post_tag","embeddable":true,"href":"https:\/\/www.ticmais.pt\/index.php?rest_route=%2Fwp%2Fv2%2Ftags&post=2510"}],"curies":[{"name":"wp","href":"https:\/\/api.w.org\/{rel}","templated":true}]}}