{"id":2519,"date":"2010-03-04T17:13:57","date_gmt":"2010-03-04T16:13:57","guid":{"rendered":"http:\/\/www.ticmais.pt\/?p=2519"},"modified":"2010-03-04T17:13:57","modified_gmt":"2010-03-04T16:13:57","slug":"ue-consulta-europeus-sobre-a-inclusao-da-banda-larga-no-servico-universal-de-telecomunicacoes","status":"publish","type":"post","link":"https:\/\/www.ticmais.pt\/?p=2519","title":{"rendered":"UE consulta europeus sobre a inclus\u00e3o da banda larga no servi\u00e7o universal de telecomunica\u00e7\u00f5es"},"content":{"rendered":"<table style=\"width: 100%;\" border=\"0\" cellspacing=\"5\" cellpadding=\"5\" align=\"justify\">\n<tbody>\n<tr>\n<td width=\"160\" valign=\"top\">\n<p><img decoding=\"async\" src=\"\/\/www.ticmais.pt\/ticmais\/imagens\/UE%20consulta%20europeus%20sobre%20a%20inclusao%20da%20banda%20larga%20no%20servico%20universal%20de%20telecomunicacoes%20.jpg\" alt=\"\" \/><\/p>\n<\/td>\n<td valign=\"top\">\n<p style=\"text-align: justify;\">A Comiss\u00e3o Europeia quer ouvir os governos e os cidad\u00e3os europeus acerca da necessidade, ou n\u00e3o, de incluir a banda larga no servi\u00e7o universal de telecomunica\u00e7\u00f5es. Esta consulta p\u00fablica decorre at\u00e9 ao dia 7 de Maio. <a href=\"http:\/\/www.publico.pt\/Tecnologia\/ue-consulta-europeus-sobre-a-inclusao-da-banda-larga-no-servico-universal-de-telecomunicacoes_1425511\" target=\"_blank\">Mais&#8230;<\/a><\/p>\n<\/td>\n<\/tr>\n<\/tbody>\n<\/table>\n<p><br class=\"spacer_\" \/><\/p>\n","protected":false},"excerpt":{"rendered":"<p>A Comiss\u00e3o Europeia quer ouvir os governos e os cidad\u00e3os europeus acerca da necessidade, ou n\u00e3o, de incluir a banda larga no servi\u00e7o universal de telecomunica\u00e7\u00f5es. Esta consulta p\u00fablica decorre at\u00e9 ao dia 7 de Maio. Mais&#8230;<\/p>\n","protected":false},"author":1,"featured_media":0,"comment_status":"closed","ping_status":"closed","sticky":false,"template":"","format":"standard","meta":{"footnotes":""},"categories":[15],"tags":[769,34,35,99],"class_list":["post-2519","post","type-post","status-publish","format-standard","hentry","category-tic-mais","tag-banda-larga","tag-internet","tag-telecomunicacoes","tag-uniao-europeia"],"_links":{"self":[{"href":"https:\/\/www.ticmais.pt\/index.php?rest_route=\/wp\/v2\/posts\/2519","targetHints":{"allow":["GET"]}}],"collection":[{"href":"https:\/\/www.ticmais.pt\/index.php?rest_route=\/wp\/v2\/posts"}],"about":[{"href":"https:\/\/www.ticmais.pt\/index.php?rest_route=\/wp\/v2\/types\/post"}],"author":[{"embeddable":true,"href":"https:\/\/www.ticmais.pt\/index.php?rest_route=\/wp\/v2\/users\/1"}],"replies":[{"embeddable":true,"href":"https:\/\/www.ticmais.pt\/index.php?rest_route=%2Fwp%2Fv2%2Fcomments&post=2519"}],"version-history":[{"count":0,"href":"https:\/\/www.ticmais.pt\/index.php?rest_route=\/wp\/v2\/posts\/2519\/revisions"}],"wp:attachment":[{"href":"https:\/\/www.ticmais.pt\/index.php?rest_route=%2Fwp%2Fv2%2Fmedia&parent=2519"}],"wp:term":[{"taxonomy":"category","embeddable":true,"href":"https:\/\/www.ticmais.pt\/index.php?rest_route=%2Fwp%2Fv2%2Fcategories&post=2519"},{"taxonomy":"post_tag","embeddable":true,"href":"https:\/\/www.ticmais.pt\/index.php?rest_route=%2Fwp%2Fv2%2Ftags&post=2519"}],"curies":[{"name":"wp","href":"https:\/\/api.w.org\/{rel}","templated":true}]}}