{"id":2520,"date":"2010-03-04T22:33:18","date_gmt":"2010-03-04T21:33:18","guid":{"rendered":"http:\/\/www.ticmais.pt\/?p=2520"},"modified":"2010-03-04T22:33:18","modified_gmt":"2010-03-04T21:33:18","slug":"opiniao-o-tsunami-somos-nos","status":"publish","type":"post","link":"https:\/\/www.ticmais.pt\/?p=2520","title":{"rendered":"Opini\u00e3o: O tsunami somos n\u00f3s"},"content":{"rendered":"<table style=\"width: 100%;\" border=\"0\" cellspacing=\"5\" cellpadding=\"5\" align=\"justify\">\n<tbody>\n<tr>\n<td width=\"160\" valign=\"top\">\n<p><img decoding=\"async\" src=\"\/\/www.ticmais.pt\/ticmais\/imagens\/Opiniao%20O%20tsunami%20somos%20nos.jpg\" alt=\"\" \/><\/p>\n<\/td>\n<td valign=\"top\">\n<p>Por Jos\u00e9 Esteves(*)<\/p>\n<p style=\"text-align: justify;\">A Associa\u00e7\u00e3o Liberdade na Era Digital (LED) definiu como um dos seus objectivos fundamentais \u201clutar contra todas as tentativas do Estado de impor ao cidad\u00e3o a obriga\u00e7\u00e3o ou o \u00f3nus de prestar mais informa\u00e7\u00e3o pessoal do que a estritamente necess\u00e1ria para um funcionamento s\u00e3o da sociedade, ou de obter por qualquer outra via essa mesma informa\u00e7\u00e3o\u201d. <a href=\"http:\/\/tek.sapo.pt\/opiniao\/opiniao_o_tsunami_somos_nos_1050302.html\" target=\"_blank\">Mais&#8230;<\/a><\/p>\n<\/td>\n<\/tr>\n<\/tbody>\n<\/table>\n<p><br class=\"spacer_\" \/><\/p>\n","protected":false},"excerpt":{"rendered":"<p>Por Jos\u00e9 Esteves(*) A Associa\u00e7\u00e3o Liberdade na Era Digital (LED) definiu como um dos seus objectivos fundamentais \u201clutar contra todas as tentativas do Estado de impor ao cidad\u00e3o a obriga\u00e7\u00e3o ou o \u00f3nus de prestar mais informa\u00e7\u00e3o pessoal do que a estritamente necess\u00e1ria para um funcionamento s\u00e3o da sociedade, ou de obter por qualquer outra [&hellip;]<\/p>\n","protected":false},"author":1,"featured_media":0,"comment_status":"closed","ping_status":"closed","sticky":false,"template":"","format":"standard","meta":{"footnotes":""},"categories":[15],"tags":[5,340,853,854,341,855,19],"class_list":["post-2520","post","type-post","status-publish","format-standard","hentry","category-tic-mais","tag-cidadania","tag-direitos","tag-era-digital","tag-led","tag-liberdades-e-garantias","tag-sociedade-civil","tag-sociedade-do-conhecinentoda-informacao"],"_links":{"self":[{"href":"https:\/\/www.ticmais.pt\/index.php?rest_route=\/wp\/v2\/posts\/2520","targetHints":{"allow":["GET"]}}],"collection":[{"href":"https:\/\/www.ticmais.pt\/index.php?rest_route=\/wp\/v2\/posts"}],"about":[{"href":"https:\/\/www.ticmais.pt\/index.php?rest_route=\/wp\/v2\/types\/post"}],"author":[{"embeddable":true,"href":"https:\/\/www.ticmais.pt\/index.php?rest_route=\/wp\/v2\/users\/1"}],"replies":[{"embeddable":true,"href":"https:\/\/www.ticmais.pt\/index.php?rest_route=%2Fwp%2Fv2%2Fcomments&post=2520"}],"version-history":[{"count":0,"href":"https:\/\/www.ticmais.pt\/index.php?rest_route=\/wp\/v2\/posts\/2520\/revisions"}],"wp:attachment":[{"href":"https:\/\/www.ticmais.pt\/index.php?rest_route=%2Fwp%2Fv2%2Fmedia&parent=2520"}],"wp:term":[{"taxonomy":"category","embeddable":true,"href":"https:\/\/www.ticmais.pt\/index.php?rest_route=%2Fwp%2Fv2%2Fcategories&post=2520"},{"taxonomy":"post_tag","embeddable":true,"href":"https:\/\/www.ticmais.pt\/index.php?rest_route=%2Fwp%2Fv2%2Ftags&post=2520"}],"curies":[{"name":"wp","href":"https:\/\/api.w.org\/{rel}","templated":true}]}}