{"id":2524,"date":"2010-03-05T16:51:10","date_gmt":"2010-03-05T15:51:10","guid":{"rendered":"http:\/\/www.ticmais.pt\/?p=2524"},"modified":"2010-03-05T16:51:10","modified_gmt":"2010-03-05T15:51:10","slug":"instituto-superior-tecnico-recebe-xvii-semana-informatica","status":"publish","type":"post","link":"https:\/\/www.ticmais.pt\/?p=2524","title":{"rendered":"XVII Semana Inform\u00e1tica do Instituto Superior T\u00e9cnico"},"content":{"rendered":"<table style=\"width: 100%;\" border=\"0\" cellspacing=\"5\" cellpadding=\"5\" align=\"justify\">\n<tbody>\n<tr>\n<td width=\"160\" valign=\"top\">\n<p><img decoding=\"async\" src=\"\/\/www.ticmais.pt\/ticmais\/imagens\/XVII%20Semana%20Informatica%20do%20Instituto%20Superior%20Tecnico.jpg\" alt=\"\" \/><\/p>\n<\/td>\n<td valign=\"top\">\n<p style=\"text-align: justify;\">O <a href=\"http:\/\/www.ist.utl.pt\/\" target=\"_blank\">Instituto Superior T\u00e9cnico<\/a> (IST) vai receber, entre 8 a 12 de Mar\u00e7o, no campus da Alameda, a <strong>XVII Semana Inform\u00e1tica<\/strong>.<br \/>\nOrganizada pelos alunos de Engenharia Inform\u00e1tica e de Computadores, e em colabora\u00e7\u00e3o com o N\u00facleo Estudantil de Inform\u00e1tica do IST, esta semana visa a partilha e debate de temas da actualidade do mercado das Tecnologias de Informa\u00e7\u00e3o, cada vez mais presente no dia-a-dia da popula\u00e7\u00e3o em geral.<\/p>\n<\/td>\n<\/tr>\n<\/tbody>\n<\/table>\n<p><!--more--><\/p>\n<table style=\"width: 100%;\" border=\"0\" cellspacing=\"5\" cellpadding=\"5\" align=\"justify\">\n<tbody>\n<tr>\n<td valign=\"top\">\n<p style=\"text-align: justify;\"><em>Workshop<\/em> \u201c<strong>Da candidatura ao emprego<\/strong>\u201d e \u201c<strong><em>Cyber<\/em> crime e o futuro<\/strong>\u201d (Pol\u00edcia Judici\u00e1ria), \u201c<em><strong>iPad e iPhone<\/strong><\/em>\u201d (<em>Methodus<\/em>), \u201c<strong><em>Pond<\/em> \u2013 ferramenta finalista no 2010 <em>SXSW Web Awards<\/em><\/strong>\u201d (oradores do Sapo), \u201c<em><strong>Cloud computing<\/strong><\/em>\u201d (Novabase) s\u00e3o algumas das palestras a que os presentes poder\u00e3o assistir.<br \/>\n\u00a0<br \/>\nDa lista de oradores convidados poder\u00e1 contar com a presen\u00e7a de nomes de refer\u00eancia como <strong>Marta Dias, do <em>Great Place to Work\u00ae<\/em> Institute Portugal<\/strong>, <strong>Clayton Miller<\/strong>, personalidade norte americana de refer\u00eancia e <strong><em>designer<\/em> gr\u00e1fico e interac\u00e7\u00e3o<\/strong> que desenvolveu o 10\/GUI.<br \/>\n\u00a0<br \/>\nO Ciclo de Confer\u00eancias ter\u00e1 lugar no Centro de Congressos do Pavilh\u00e3o de Engenharia Civil e a Exposi\u00e7\u00e3o de Tecnologia no \u00e1trio do Pavilh\u00e3o Central. A participa\u00e7\u00e3o no evento \u00e9 gratuita e aberta a todos os interessados.<\/p>\n<p style=\"text-align: justify;\">Para encontrar o programa mais detalhado da XVII Semana Inform\u00e1tica consulte:<\/p>\n<p style=\"text-align: justify;\"><a href=\"http:\/\/www.sinfo.ist.utl.pt\/XVII\/?q=pt\/programa\" target=\"_blank\">http:\/\/www.sinfo.ist.utl.pt\/XVII\/?q=pt\/programa<\/a>\u00a0<\/p>\n<\/td>\n<\/tr>\n<\/tbody>\n<\/table>\n","protected":false},"excerpt":{"rendered":"<p>O Instituto Superior T\u00e9cnico (IST) vai receber, entre 8 a 12 de Mar\u00e7o, no campus da Alameda, a XVII Semana Inform\u00e1tica. Organizada pelos alunos de Engenharia Inform\u00e1tica e de Computadores, e em colabora\u00e7\u00e3o com o N\u00facleo Estudantil de Inform\u00e1tica do IST, esta semana visa a partilha e debate de temas da actualidade do mercado das [&hellip;]<\/p>\n","protected":false},"author":1,"featured_media":0,"comment_status":"closed","ping_status":"closed","sticky":false,"template":"","format":"standard","meta":{"footnotes":""},"categories":[15],"tags":[857,858,224,859,339,860],"class_list":["post-2524","post","type-post","status-publish","format-standard","hentry","category-tic-mais","tag-coloquios","tag-conferencias","tag-informatica","tag-ist","tag-universidade","tag-workshops"],"_links":{"self":[{"href":"https:\/\/www.ticmais.pt\/index.php?rest_route=\/wp\/v2\/posts\/2524","targetHints":{"allow":["GET"]}}],"collection":[{"href":"https:\/\/www.ticmais.pt\/index.php?rest_route=\/wp\/v2\/posts"}],"about":[{"href":"https:\/\/www.ticmais.pt\/index.php?rest_route=\/wp\/v2\/types\/post"}],"author":[{"embeddable":true,"href":"https:\/\/www.ticmais.pt\/index.php?rest_route=\/wp\/v2\/users\/1"}],"replies":[{"embeddable":true,"href":"https:\/\/www.ticmais.pt\/index.php?rest_route=%2Fwp%2Fv2%2Fcomments&post=2524"}],"version-history":[{"count":0,"href":"https:\/\/www.ticmais.pt\/index.php?rest_route=\/wp\/v2\/posts\/2524\/revisions"}],"wp:attachment":[{"href":"https:\/\/www.ticmais.pt\/index.php?rest_route=%2Fwp%2Fv2%2Fmedia&parent=2524"}],"wp:term":[{"taxonomy":"category","embeddable":true,"href":"https:\/\/www.ticmais.pt\/index.php?rest_route=%2Fwp%2Fv2%2Fcategories&post=2524"},{"taxonomy":"post_tag","embeddable":true,"href":"https:\/\/www.ticmais.pt\/index.php?rest_route=%2Fwp%2Fv2%2Ftags&post=2524"}],"curies":[{"name":"wp","href":"https:\/\/api.w.org\/{rel}","templated":true}]}}