{"id":2525,"date":"2010-03-05T18:55:33","date_gmt":"2010-03-05T17:55:33","guid":{"rendered":"http:\/\/www.ticmais.pt\/?p=2525"},"modified":"2010-03-05T18:55:33","modified_gmt":"2010-03-05T17:55:33","slug":"ipad-nas-lojas-a-3-de-abril","status":"publish","type":"post","link":"https:\/\/www.ticmais.pt\/?p=2525","title":{"rendered":"iPad nas lojas a 3 de Abril"},"content":{"rendered":"<table style=\"width: 100%;\" border=\"0\" cellspacing=\"5\" cellpadding=\"5\" align=\"justify\">\n<tbody>\n<tr>\n<td width=\"160\" valign=\"top\">\n<p><img decoding=\"async\" src=\"\/\/www.ticmais.pt\/ticmais\/imagens\/iPad%20nas%20lojas%20a%203%20de%20Abril.jpg\" alt=\"\" \/><\/p>\n<\/td>\n<td valign=\"top\">\n<p style=\"text-align: justify;\">A data \u00e9 avan\u00e7ada hoje pela Apple em comunicado \u00e0 imprensa: 3 de Abril marca a chegada dos t\u00e3o aguardados tablets da fabricante \u00e0s lojas dos Estados Unidos. <br \/>\nTal como esperado, a primeira vers\u00e3o a ficar dispon\u00edvel \u00e9 a que conta apenas com conectividade Wifi. Os iPads que combinam a liga\u00e7\u00e3o Wifi com o 3G ser\u00e3o colocados \u00e0 venda l\u00e1 mais para o final do m\u00eas. <a href=\"http:\/\/tek.sapo.pt\/noticias\/computadores\/ipad_nas_lojas_a_3_de_abril_1050441.html\" target=\"_blank\">Mais&#8230;<\/a><\/p>\n<\/td>\n<\/tr>\n<\/tbody>\n<\/table>\n<p><br class=\"spacer_\" \/><\/p>\n","protected":false},"excerpt":{"rendered":"<p>A data \u00e9 avan\u00e7ada hoje pela Apple em comunicado \u00e0 imprensa: 3 de Abril marca a chegada dos t\u00e3o aguardados tablets da fabricante \u00e0s lojas dos Estados Unidos. Tal como esperado, a primeira vers\u00e3o a ficar dispon\u00edvel \u00e9 a que conta apenas com conectividade Wifi. Os iPads que combinam a liga\u00e7\u00e3o Wifi com o 3G [&hellip;]<\/p>\n","protected":false},"author":1,"featured_media":0,"comment_status":"closed","ping_status":"closed","sticky":false,"template":"","format":"standard","meta":{"footnotes":""},"categories":[15],"tags":[103,728],"class_list":["post-2525","post","type-post","status-publish","format-standard","hentry","category-tic-mais","tag-apple","tag-ipad"],"_links":{"self":[{"href":"https:\/\/www.ticmais.pt\/index.php?rest_route=\/wp\/v2\/posts\/2525","targetHints":{"allow":["GET"]}}],"collection":[{"href":"https:\/\/www.ticmais.pt\/index.php?rest_route=\/wp\/v2\/posts"}],"about":[{"href":"https:\/\/www.ticmais.pt\/index.php?rest_route=\/wp\/v2\/types\/post"}],"author":[{"embeddable":true,"href":"https:\/\/www.ticmais.pt\/index.php?rest_route=\/wp\/v2\/users\/1"}],"replies":[{"embeddable":true,"href":"https:\/\/www.ticmais.pt\/index.php?rest_route=%2Fwp%2Fv2%2Fcomments&post=2525"}],"version-history":[{"count":0,"href":"https:\/\/www.ticmais.pt\/index.php?rest_route=\/wp\/v2\/posts\/2525\/revisions"}],"wp:attachment":[{"href":"https:\/\/www.ticmais.pt\/index.php?rest_route=%2Fwp%2Fv2%2Fmedia&parent=2525"}],"wp:term":[{"taxonomy":"category","embeddable":true,"href":"https:\/\/www.ticmais.pt\/index.php?rest_route=%2Fwp%2Fv2%2Fcategories&post=2525"},{"taxonomy":"post_tag","embeddable":true,"href":"https:\/\/www.ticmais.pt\/index.php?rest_route=%2Fwp%2Fv2%2Ftags&post=2525"}],"curies":[{"name":"wp","href":"https:\/\/api.w.org\/{rel}","templated":true}]}}