{"id":253,"date":"2008-09-22T09:16:23","date_gmt":"2008-09-22T08:16:23","guid":{"rendered":"http:\/\/www.ticmais.pt\/index.php\/2008\/09\/22\/tera-o-medo-uma-conotacao-politica\/"},"modified":"2008-09-22T09:16:23","modified_gmt":"2008-09-22T08:16:23","slug":"tera-o-medo-uma-conotacao-politica","status":"publish","type":"post","link":"https:\/\/www.ticmais.pt\/?p=253","title":{"rendered":"Ter\u00e1 o medo uma conota\u00e7\u00e3o pol\u00edtica?"},"content":{"rendered":"<table border=\"0\" cellspacing=\"5\" cellpadding=\"5\" width=\"100%\">\n<tbody>\n<tr>\n<td width=\"160\" valign=\"top\">\n<p align=\"justify\"><img decoding=\"async\" src=\"\/\/www.ticmais.pt\/ticmais\/imagens\/tera-o-medo-uma-conotacao-politica.jpg\" alt=\"\" \/><\/p>\n<\/td>\n<td valign=\"top\">\n<p align=\"justify\">Segundo o portal <a href=\"http:\/\/ciberia.aeiou.pt\/?st=10171\" target=\"_blank\">Ciberia<\/a>, os cientistas acreditam que a forma como reagimos ao medo revela inclina\u00e7\u00f5es pol\u00edticas. Ser\u00e1 talvez por esta raz\u00e3o que \u00e9 t\u00e3o dif\u00edcil mudar a cor pol\u00edtica ou de clube de futebol? Os temores irracionais s\u00e3o conotados mais \u00e0 ideologia da direita, ao passo que a calma ou a indiferen\u00e7a face ao medo est\u00e1 associada aos ideais de esquerda, \u00e9 o que conclui um estudo recente publicado na Science. <a href=\"http:\/\/ciberia.aeiou.pt\/?st=10171\" target=\"_blank\">(Mais&#8230;)<\/a><\/p>\n<\/td>\n<\/tr>\n<\/tbody>\n<\/table>\n<p><br class=\"spacer_\" \/><\/p>\n","protected":false},"excerpt":{"rendered":"<p>Segundo o portal Ciberia, os cientistas acreditam que a forma como reagimos ao medo revela inclina\u00e7\u00f5es pol\u00edticas. Ser\u00e1 talvez por esta raz\u00e3o que \u00e9 t\u00e3o dif\u00edcil mudar a cor pol\u00edtica ou de clube de futebol? Os temores irracionais s\u00e3o conotados mais \u00e0 ideologia da direita, ao passo que a calma ou a indiferen\u00e7a face ao [&hellip;]<\/p>\n","protected":false},"author":1,"featured_media":0,"comment_status":"open","ping_status":"open","sticky":false,"template":"","format":"standard","meta":{"footnotes":""},"categories":[15],"tags":[81],"class_list":["post-253","post","type-post","status-publish","format-standard","hentry","category-tic-mais","tag-ciencia"],"_links":{"self":[{"href":"https:\/\/www.ticmais.pt\/index.php?rest_route=\/wp\/v2\/posts\/253","targetHints":{"allow":["GET"]}}],"collection":[{"href":"https:\/\/www.ticmais.pt\/index.php?rest_route=\/wp\/v2\/posts"}],"about":[{"href":"https:\/\/www.ticmais.pt\/index.php?rest_route=\/wp\/v2\/types\/post"}],"author":[{"embeddable":true,"href":"https:\/\/www.ticmais.pt\/index.php?rest_route=\/wp\/v2\/users\/1"}],"replies":[{"embeddable":true,"href":"https:\/\/www.ticmais.pt\/index.php?rest_route=%2Fwp%2Fv2%2Fcomments&post=253"}],"version-history":[{"count":0,"href":"https:\/\/www.ticmais.pt\/index.php?rest_route=\/wp\/v2\/posts\/253\/revisions"}],"wp:attachment":[{"href":"https:\/\/www.ticmais.pt\/index.php?rest_route=%2Fwp%2Fv2%2Fmedia&parent=253"}],"wp:term":[{"taxonomy":"category","embeddable":true,"href":"https:\/\/www.ticmais.pt\/index.php?rest_route=%2Fwp%2Fv2%2Fcategories&post=253"},{"taxonomy":"post_tag","embeddable":true,"href":"https:\/\/www.ticmais.pt\/index.php?rest_route=%2Fwp%2Fv2%2Ftags&post=253"}],"curies":[{"name":"wp","href":"https:\/\/api.w.org\/{rel}","templated":true}]}}