{"id":2531,"date":"2010-03-08T14:09:02","date_gmt":"2010-03-08T13:09:02","guid":{"rendered":"http:\/\/www.ticmais.pt\/?p=2531"},"modified":"2010-03-08T14:09:02","modified_gmt":"2010-03-08T13:09:02","slug":"centenario-das-comemoracoes-do-dia-internacional-da-mulher","status":"publish","type":"post","link":"https:\/\/www.ticmais.pt\/?p=2531","title":{"rendered":"Centen\u00e1rio das Comemora\u00e7\u00f5es do Dia Internacional da Mulher"},"content":{"rendered":"<table style=\"width: 100%;\" border=\"0\" cellspacing=\"5\" cellpadding=\"5\" align=\"justify\">\n<tbody>\n<tr>\n<td style=\"text-align: justify;\" width=\"160\" valign=\"top\">\n<p><img decoding=\"async\" src=\"\/\/www.ticmais.pt\/ticmais\/imagens\/Centenario%20das%20Comemoracoes%20do%20Dia%20Internacional%20da%20Mulher.jpg\" alt=\"\" \/><\/p>\n<\/td>\n<td style=\"text-align: justify;\" valign=\"top\">\n<p style=\"text-align: justify;\">Em 1910, h\u00e1 precisamente 100 anos, um grupo de 100 mulheres, oriundas de 17 pa\u00edses, reunidas em Copenhaga, proclamaram o dia 8 de Mar\u00e7o, como um Dia Internacional de Luta das Mulheres, em homenagem \u00e0s oper\u00e1rias t\u00eaxteis de New York que, em 1857, enfrentando corajosamente a repress\u00e3o patronal, entraram em greve, lutando por condi\u00e7\u00f5es de trabalho mais dignas, nomeadamente pela redu\u00e7\u00e3o do hor\u00e1rio de trabalho de 16 para 10 horas di\u00e1rias. <a href=\"http:\/\/www.cgtpaveiro.org\/images\/2010\/20100308mulhercgtp.pdf\" target=\"_blank\">Mais&#8230;<\/a><\/p>\n<\/td>\n<\/tr>\n<\/tbody>\n<\/table>\n<p><br class=\"spacer_\" \/><\/p>\n","protected":false},"excerpt":{"rendered":"<p>Em 1910, h\u00e1 precisamente 100 anos, um grupo de 100 mulheres, oriundas de 17 pa\u00edses, reunidas em Copenhaga, proclamaram o dia 8 de Mar\u00e7o, como um Dia Internacional de Luta das Mulheres, em homenagem \u00e0s oper\u00e1rias t\u00eaxteis de New York que, em 1857, enfrentando corajosamente a repress\u00e3o patronal, entraram em greve, lutando por condi\u00e7\u00f5es de [&hellip;]<\/p>\n","protected":false},"author":1,"featured_media":0,"comment_status":"closed","ping_status":"closed","sticky":false,"template":"","format":"standard","meta":{"footnotes":""},"categories":[15],"tags":[864,865,866],"class_list":["post-2531","post","type-post","status-publish","format-standard","hentry","category-tic-mais","tag-comemoracoes","tag-dia-internacional","tag-mulher"],"_links":{"self":[{"href":"https:\/\/www.ticmais.pt\/index.php?rest_route=\/wp\/v2\/posts\/2531","targetHints":{"allow":["GET"]}}],"collection":[{"href":"https:\/\/www.ticmais.pt\/index.php?rest_route=\/wp\/v2\/posts"}],"about":[{"href":"https:\/\/www.ticmais.pt\/index.php?rest_route=\/wp\/v2\/types\/post"}],"author":[{"embeddable":true,"href":"https:\/\/www.ticmais.pt\/index.php?rest_route=\/wp\/v2\/users\/1"}],"replies":[{"embeddable":true,"href":"https:\/\/www.ticmais.pt\/index.php?rest_route=%2Fwp%2Fv2%2Fcomments&post=2531"}],"version-history":[{"count":0,"href":"https:\/\/www.ticmais.pt\/index.php?rest_route=\/wp\/v2\/posts\/2531\/revisions"}],"wp:attachment":[{"href":"https:\/\/www.ticmais.pt\/index.php?rest_route=%2Fwp%2Fv2%2Fmedia&parent=2531"}],"wp:term":[{"taxonomy":"category","embeddable":true,"href":"https:\/\/www.ticmais.pt\/index.php?rest_route=%2Fwp%2Fv2%2Fcategories&post=2531"},{"taxonomy":"post_tag","embeddable":true,"href":"https:\/\/www.ticmais.pt\/index.php?rest_route=%2Fwp%2Fv2%2Ftags&post=2531"}],"curies":[{"name":"wp","href":"https:\/\/api.w.org\/{rel}","templated":true}]}}