{"id":2535,"date":"2010-03-09T03:18:23","date_gmt":"2010-03-09T02:18:23","guid":{"rendered":"http:\/\/www.ticmais.pt\/?p=2535"},"modified":"2010-03-09T03:18:23","modified_gmt":"2010-03-09T02:18:23","slug":"internet-devia-ser-direito-fundamental","status":"publish","type":"post","link":"https:\/\/www.ticmais.pt\/?p=2535","title":{"rendered":"Internet devia ser direito fundamental"},"content":{"rendered":"<table style=\"width: 100%;\" border=\"0\" cellspacing=\"5\" cellpadding=\"5\" align=\"justify\">\n<tbody>\n<tr>\n<td width=\"160\" valign=\"top\">\n<p><img decoding=\"async\" src=\"\/\/www.ticmais.pt\/ticmais\/imagens\/Internet%20devia%20ser%20direito%20fundamental.jpg\" alt=\"\" \/><\/p>\n<\/td>\n<td valign=\"top\">\n<p>\u00c9 esta a opini\u00e3o partilhada por quase 80% dos inquiridos num estudo promovido \u00e0 escala mundial, que envolveu 26 pa\u00edses, incluindo Portugal. A convic\u00e7\u00e3o \u00e9 transversal a pa\u00edses mais e menos desenvolvidos no que respeita ao acesso \u00e0 rede.\u00a0<a href=\"http:\/\/tek.sapo.pt\/noticias\/internet\/internet_devia_ser_direito_fundamental_1051334.html\" target=\"_blank\">Mais&#8230;<\/a><\/p>\n<\/td>\n<\/tr>\n<\/tbody>\n<\/table>\n<p><br class=\"spacer_\" \/><\/p>\n","protected":false},"excerpt":{"rendered":"<p>\u00c9 esta a opini\u00e3o partilhada por quase 80% dos inquiridos num estudo promovido \u00e0 escala mundial, que envolveu 26 pa\u00edses, incluindo Portugal. A convic\u00e7\u00e3o \u00e9 transversal a pa\u00edses mais e menos desenvolvidos no que respeita ao acesso \u00e0 rede.\u00a0Mais&#8230;<\/p>\n","protected":false},"author":1,"featured_media":0,"comment_status":"closed","ping_status":"closed","sticky":false,"template":"","format":"standard","meta":{"footnotes":""},"categories":[15],"tags":[870,34],"class_list":["post-2535","post","type-post","status-publish","format-standard","hentry","category-tic-mais","tag-direit","tag-internet"],"_links":{"self":[{"href":"https:\/\/www.ticmais.pt\/index.php?rest_route=\/wp\/v2\/posts\/2535","targetHints":{"allow":["GET"]}}],"collection":[{"href":"https:\/\/www.ticmais.pt\/index.php?rest_route=\/wp\/v2\/posts"}],"about":[{"href":"https:\/\/www.ticmais.pt\/index.php?rest_route=\/wp\/v2\/types\/post"}],"author":[{"embeddable":true,"href":"https:\/\/www.ticmais.pt\/index.php?rest_route=\/wp\/v2\/users\/1"}],"replies":[{"embeddable":true,"href":"https:\/\/www.ticmais.pt\/index.php?rest_route=%2Fwp%2Fv2%2Fcomments&post=2535"}],"version-history":[{"count":0,"href":"https:\/\/www.ticmais.pt\/index.php?rest_route=\/wp\/v2\/posts\/2535\/revisions"}],"wp:attachment":[{"href":"https:\/\/www.ticmais.pt\/index.php?rest_route=%2Fwp%2Fv2%2Fmedia&parent=2535"}],"wp:term":[{"taxonomy":"category","embeddable":true,"href":"https:\/\/www.ticmais.pt\/index.php?rest_route=%2Fwp%2Fv2%2Fcategories&post=2535"},{"taxonomy":"post_tag","embeddable":true,"href":"https:\/\/www.ticmais.pt\/index.php?rest_route=%2Fwp%2Fv2%2Ftags&post=2535"}],"curies":[{"name":"wp","href":"https:\/\/api.w.org\/{rel}","templated":true}]}}