{"id":2552,"date":"2010-03-16T02:34:27","date_gmt":"2010-03-16T01:34:27","guid":{"rendered":"http:\/\/www.ticmais.pt\/?p=2552"},"modified":"2010-03-16T02:34:27","modified_gmt":"2010-03-16T01:34:27","slug":"edificio-strata-tem-tres-turbinas-para-gerar-energia-eolica","status":"publish","type":"post","link":"https:\/\/www.ticmais.pt\/?p=2552","title":{"rendered":"Edif\u00edcio Strata tem tr\u00eas turbinas para gerar energia e\u00f3lica"},"content":{"rendered":"<table style=\"width: 100%;\" border=\"0\" cellspacing=\"5\" cellpadding=\"5\" align=\"justify\">\n<tbody>\n<tr>\n<td width=\"160\" valign=\"top\">\n<p><img decoding=\"async\" src=\"\/\/www.ticmais.pt\/ticmais\/imagens\/Edificio%20Strata%20tem%20tres%20turbinas%20para%20gerar%20energia%20eolica.jpg\" alt=\"\" \/><\/p>\n<\/td>\n<td valign=\"top\">\n<p style=\"text-align: justify;\">Forma e fun\u00e7\u00e3o, enfim juntas. O Strata Building, edif\u00edcio de 42 andares em Londres, tamb\u00e9m conhecido pelo apelido The Razor, vai obter 8% de seu consumo de energia das tr\u00eas turbinas e\u00f3licas instaladas em sua fachada. Espero que ningu\u00e9m construa um pr\u00e9dio de 43 andares ao lado. <a href=\"http:\/\/www.gizmodo.com.br\/conteudo\/edificio-strata-tem-tres-turbinas-para-gerar-energia-eolica\" target=\"_blank\">Mais&#8230;<\/a><\/p>\n<\/td>\n<\/tr>\n<\/tbody>\n<\/table>\n<p><br class=\"spacer_\" \/><\/p>\n","protected":false},"excerpt":{"rendered":"<p>Forma e fun\u00e7\u00e3o, enfim juntas. O Strata Building, edif\u00edcio de 42 andares em Londres, tamb\u00e9m conhecido pelo apelido The Razor, vai obter 8% de seu consumo de energia das tr\u00eas turbinas e\u00f3licas instaladas em sua fachada. Espero que ningu\u00e9m construa um pr\u00e9dio de 43 andares ao lado. Mais&#8230;<\/p>\n","protected":false},"author":1,"featured_media":0,"comment_status":"closed","ping_status":"closed","sticky":false,"template":"","format":"standard","meta":{"footnotes":""},"categories":[15],"tags":[442,55],"class_list":["post-2552","post","type-post","status-publish","format-standard","hentry","category-tic-mais","tag-arquitectura","tag-energia-eolica"],"_links":{"self":[{"href":"https:\/\/www.ticmais.pt\/index.php?rest_route=\/wp\/v2\/posts\/2552","targetHints":{"allow":["GET"]}}],"collection":[{"href":"https:\/\/www.ticmais.pt\/index.php?rest_route=\/wp\/v2\/posts"}],"about":[{"href":"https:\/\/www.ticmais.pt\/index.php?rest_route=\/wp\/v2\/types\/post"}],"author":[{"embeddable":true,"href":"https:\/\/www.ticmais.pt\/index.php?rest_route=\/wp\/v2\/users\/1"}],"replies":[{"embeddable":true,"href":"https:\/\/www.ticmais.pt\/index.php?rest_route=%2Fwp%2Fv2%2Fcomments&post=2552"}],"version-history":[{"count":0,"href":"https:\/\/www.ticmais.pt\/index.php?rest_route=\/wp\/v2\/posts\/2552\/revisions"}],"wp:attachment":[{"href":"https:\/\/www.ticmais.pt\/index.php?rest_route=%2Fwp%2Fv2%2Fmedia&parent=2552"}],"wp:term":[{"taxonomy":"category","embeddable":true,"href":"https:\/\/www.ticmais.pt\/index.php?rest_route=%2Fwp%2Fv2%2Fcategories&post=2552"},{"taxonomy":"post_tag","embeddable":true,"href":"https:\/\/www.ticmais.pt\/index.php?rest_route=%2Fwp%2Fv2%2Ftags&post=2552"}],"curies":[{"name":"wp","href":"https:\/\/api.w.org\/{rel}","templated":true}]}}