{"id":2556,"date":"2010-03-17T03:28:01","date_gmt":"2010-03-17T02:28:01","guid":{"rendered":"http:\/\/www.ticmais.pt\/?p=2556"},"modified":"2010-03-17T03:28:01","modified_gmt":"2010-03-17T02:28:01","slug":"antena-para-a-nova-geracao-de-equipamentos-sem-fios-esta-pronta","status":"publish","type":"post","link":"https:\/\/www.ticmais.pt\/?p=2556","title":{"rendered":"Antena para a nova gera\u00e7\u00e3o de equipamentos sem fios est\u00e1 pronta"},"content":{"rendered":"<table style=\"width: 100%;\" border=\"0\" cellspacing=\"5\" cellpadding=\"5\" align=\"justify\">\n<tbody>\n<tr>\n<td width=\"160\" valign=\"top\">\n<p><img decoding=\"async\" src=\"\/\/www.ticmais.pt\/ticmais\/imagens\/Antena%20para%20a%20nova%20geracao%20de%20equipamentos%20sem%20fios%20esta%20pronta.jpg\" alt=\"\" \/><\/p>\n<\/td>\n<td valign=\"top\">\n<p style=\"text-align: justify;\">A pr\u00f3xima gera\u00e7\u00e3o de equipamentos electr\u00f3nicos sem fio vai exigir antenas que trabalhem numa ampla faixa (ou banda) do espectro de frequ\u00eancias de microondas, al\u00e9m de serem suficientemente pequenas para caberem em dispositivos port\u00e1teis muito compactos. <a href=\"http:\/\/www.inovacaotecnologica.com.br\/noticias\/noticia.php?artigo=antena-impressa-nova-geracao-equipamentos-sem-fios&amp;id=010110100316\" target=\"_blank\">Mais&#8230;<\/a><\/p>\n<\/td>\n<\/tr>\n<\/tbody>\n<\/table>\n<p><br class=\"spacer_\" \/><\/p>\n","protected":false},"excerpt":{"rendered":"<p>A pr\u00f3xima gera\u00e7\u00e3o de equipamentos electr\u00f3nicos sem fio vai exigir antenas que trabalhem numa ampla faixa (ou banda) do espectro de frequ\u00eancias de microondas, al\u00e9m de serem suficientemente pequenas para caberem em dispositivos port\u00e1teis muito compactos. Mais&#8230;<\/p>\n","protected":false},"author":1,"featured_media":0,"comment_status":"closed","ping_status":"closed","sticky":false,"template":"","format":"standard","meta":{"footnotes":""},"categories":[15],"tags":[359,28],"class_list":["post-2556","post","type-post","status-publish","format-standard","hentry","category-tic-mais","tag-electronica","tag-tecnologia"],"_links":{"self":[{"href":"https:\/\/www.ticmais.pt\/index.php?rest_route=\/wp\/v2\/posts\/2556","targetHints":{"allow":["GET"]}}],"collection":[{"href":"https:\/\/www.ticmais.pt\/index.php?rest_route=\/wp\/v2\/posts"}],"about":[{"href":"https:\/\/www.ticmais.pt\/index.php?rest_route=\/wp\/v2\/types\/post"}],"author":[{"embeddable":true,"href":"https:\/\/www.ticmais.pt\/index.php?rest_route=\/wp\/v2\/users\/1"}],"replies":[{"embeddable":true,"href":"https:\/\/www.ticmais.pt\/index.php?rest_route=%2Fwp%2Fv2%2Fcomments&post=2556"}],"version-history":[{"count":0,"href":"https:\/\/www.ticmais.pt\/index.php?rest_route=\/wp\/v2\/posts\/2556\/revisions"}],"wp:attachment":[{"href":"https:\/\/www.ticmais.pt\/index.php?rest_route=%2Fwp%2Fv2%2Fmedia&parent=2556"}],"wp:term":[{"taxonomy":"category","embeddable":true,"href":"https:\/\/www.ticmais.pt\/index.php?rest_route=%2Fwp%2Fv2%2Fcategories&post=2556"},{"taxonomy":"post_tag","embeddable":true,"href":"https:\/\/www.ticmais.pt\/index.php?rest_route=%2Fwp%2Fv2%2Ftags&post=2556"}],"curies":[{"name":"wp","href":"https:\/\/api.w.org\/{rel}","templated":true}]}}