{"id":259,"date":"2008-10-10T12:29:52","date_gmt":"2008-10-10T11:29:52","guid":{"rendered":"http:\/\/www.ticmais.pt\/index.php\/2008\/10\/10\/os-novos-macbooks-vem-ai\/"},"modified":"2008-10-10T12:29:52","modified_gmt":"2008-10-10T11:29:52","slug":"os-novos-macbooks-vem-ai","status":"publish","type":"post","link":"https:\/\/www.ticmais.pt\/?p=259","title":{"rendered":"Os novos Macbooks v\u00eam a\u00ed"},"content":{"rendered":"<table border=\"0\" cellspacing=\"5\" cellpadding=\"5\" width=\"100%\" align=\"justify\">\n<tbody>\n<tr>\n<td width=\"160\" valign=\"top\">\n<p align=\"justify\"><img decoding=\"async\" src=\"\/\/www.ticmais.pt\/ticmais\/imagens\/os-novos-macbooks-vem-ai.jpg\" alt=\"\" \/><\/p>\n<\/td>\n<td valign=\"top\">\n<p align=\"justify\">\u00c9 j\u00e1 na pr\u00f3xima ter\u00e7a-feira, dia 14 de Outubro, que a Apple se prepara para anunciar os seus novos computadores port\u00e1teis.<br \/>\nA imprensa est\u00e1 a receber convites enigm\u00e1ticos. O convite \u00e9 todo escuro simplesmente com um feixe de luz sobre o texto e o logo da Apple: &#8220;The spotlight turns to notebooks&#8221; &#8211; O foco est\u00e1 nos port\u00e1teis.<\/p>\n<\/td>\n<\/tr>\n<\/tbody>\n<\/table>\n<p><!--more--><\/p>\n<table border=\"0\" cellspacing=\"5\" cellpadding=\"5\" width=\"100%\" align=\"justify\">\n<tbody>\n<tr>\n<td valign=\"top\">\n<p align=\"justify\">Circulam muitos rumores, sendo o \u00faltimo, que poder\u00e1 ser a Nvidia a fornecer o sistema gr\u00e1fico dos novos Macbooks em preju\u00edzo da Intel.<\/p>\n<div style=\"text-align: center\"><img decoding=\"async\" src=\"\/\/www.ticmais.pt\/ticmais\/imagens\/os-novos-macbooks-vem-aib1.jpg\" alt=\"\" \/><\/div>\n<p align=\"justify\">Fonte: <a href=\"http:\/\/exameinformatica.clix.pt\/\" target=\"_blank\">Exame Inform\u00e1tica<\/a><\/p>\n<\/td>\n<\/tr>\n<\/tbody>\n<\/table>\n","protected":false},"excerpt":{"rendered":"<p>\u00c9 j\u00e1 na pr\u00f3xima ter\u00e7a-feira, dia 14 de Outubro, que a Apple se prepara para anunciar os seus novos computadores port\u00e1teis. A imprensa est\u00e1 a receber convites enigm\u00e1ticos. O convite \u00e9 todo escuro simplesmente com um feixe de luz sobre o texto e o logo da Apple: &#8220;The spotlight turns to notebooks&#8221; &#8211; O foco [&hellip;]<\/p>\n","protected":false},"author":1,"featured_media":0,"comment_status":"open","ping_status":"open","sticky":false,"template":"","format":"standard","meta":{"footnotes":""},"categories":[15],"tags":[103,118],"class_list":["post-259","post","type-post","status-publish","format-standard","hentry","category-tic-mais","tag-apple","tag-macbooks"],"_links":{"self":[{"href":"https:\/\/www.ticmais.pt\/index.php?rest_route=\/wp\/v2\/posts\/259","targetHints":{"allow":["GET"]}}],"collection":[{"href":"https:\/\/www.ticmais.pt\/index.php?rest_route=\/wp\/v2\/posts"}],"about":[{"href":"https:\/\/www.ticmais.pt\/index.php?rest_route=\/wp\/v2\/types\/post"}],"author":[{"embeddable":true,"href":"https:\/\/www.ticmais.pt\/index.php?rest_route=\/wp\/v2\/users\/1"}],"replies":[{"embeddable":true,"href":"https:\/\/www.ticmais.pt\/index.php?rest_route=%2Fwp%2Fv2%2Fcomments&post=259"}],"version-history":[{"count":0,"href":"https:\/\/www.ticmais.pt\/index.php?rest_route=\/wp\/v2\/posts\/259\/revisions"}],"wp:attachment":[{"href":"https:\/\/www.ticmais.pt\/index.php?rest_route=%2Fwp%2Fv2%2Fmedia&parent=259"}],"wp:term":[{"taxonomy":"category","embeddable":true,"href":"https:\/\/www.ticmais.pt\/index.php?rest_route=%2Fwp%2Fv2%2Fcategories&post=259"},{"taxonomy":"post_tag","embeddable":true,"href":"https:\/\/www.ticmais.pt\/index.php?rest_route=%2Fwp%2Fv2%2Ftags&post=259"}],"curies":[{"name":"wp","href":"https:\/\/api.w.org\/{rel}","templated":true}]}}