{"id":2593,"date":"2010-03-29T12:43:31","date_gmt":"2010-03-29T11:43:31","guid":{"rendered":"http:\/\/www.ticmais.pt\/?p=2593"},"modified":"2010-03-29T12:43:31","modified_gmt":"2010-03-29T11:43:31","slug":"braco-de-ferro-no-acesso-as-condutas-da-rede-fixa","status":"publish","type":"post","link":"https:\/\/www.ticmais.pt\/?p=2593","title":{"rendered":"Bra\u00e7o de ferro no acesso \u00e0s condutas da rede fixa"},"content":{"rendered":"<table style=\"width: 100%;\" border=\"0\" cellspacing=\"5\" cellpadding=\"5\" align=\"justify\">\n<tbody>\n<tr>\n<td width=\"160\" valign=\"top\">\n<p><img decoding=\"async\" src=\"\/\/www.ticmais.pt\/ticmais\/imagens\/Braco%20de%20ferro%20no%20acesso%20as%20condutas%20da%20rede%20fixa.jpg\" alt=\"\" \/><\/p>\n<\/td>\n<td valign=\"top\">\n<p style=\"text-align: justify;\">As Estradas de Portugal e a Portugal Telecom est\u00e3o a disputar a propriedade das condutas da rede fixa que foram constru\u00eddas sob as rodovias, noticia hoje o Di\u00e1rio Econ\u00f3mico. A diverg\u00eancia tem levado ao impedimento do acesso das equipas da PT a estas condutas e poder\u00e1 acabar em tribunal. <a href=\"http:\/\/tek.sapo.pt\/noticias\/telecomunicacoes\/braco_de_ferro_no_acesso_as_condutas_da_rede_1055463.html\" target=\"_blank\">Mais&#8230;<\/a><\/p>\n<\/td>\n<\/tr>\n<\/tbody>\n<\/table>\n<p><br class=\"spacer_\" \/><\/p>\n","protected":false},"excerpt":{"rendered":"<p>As Estradas de Portugal e a Portugal Telecom est\u00e3o a disputar a propriedade das condutas da rede fixa que foram constru\u00eddas sob as rodovias, noticia hoje o Di\u00e1rio Econ\u00f3mico. A diverg\u00eancia tem levado ao impedimento do acesso das equipas da PT a estas condutas e poder\u00e1 acabar em tribunal. Mais&#8230;<\/p>\n","protected":false},"author":1,"featured_media":0,"comment_status":"closed","ping_status":"closed","sticky":false,"template":"","format":"standard","meta":{"footnotes":""},"categories":[15],"tags":[901,902,376,903],"class_list":["post-2593","post","type-post","status-publish","format-standard","hentry","category-tic-mais","tag-condutas","tag-estradas-de-portugal","tag-portugal-telecom","tag-rede-fixa"],"_links":{"self":[{"href":"https:\/\/www.ticmais.pt\/index.php?rest_route=\/wp\/v2\/posts\/2593","targetHints":{"allow":["GET"]}}],"collection":[{"href":"https:\/\/www.ticmais.pt\/index.php?rest_route=\/wp\/v2\/posts"}],"about":[{"href":"https:\/\/www.ticmais.pt\/index.php?rest_route=\/wp\/v2\/types\/post"}],"author":[{"embeddable":true,"href":"https:\/\/www.ticmais.pt\/index.php?rest_route=\/wp\/v2\/users\/1"}],"replies":[{"embeddable":true,"href":"https:\/\/www.ticmais.pt\/index.php?rest_route=%2Fwp%2Fv2%2Fcomments&post=2593"}],"version-history":[{"count":0,"href":"https:\/\/www.ticmais.pt\/index.php?rest_route=\/wp\/v2\/posts\/2593\/revisions"}],"wp:attachment":[{"href":"https:\/\/www.ticmais.pt\/index.php?rest_route=%2Fwp%2Fv2%2Fmedia&parent=2593"}],"wp:term":[{"taxonomy":"category","embeddable":true,"href":"https:\/\/www.ticmais.pt\/index.php?rest_route=%2Fwp%2Fv2%2Fcategories&post=2593"},{"taxonomy":"post_tag","embeddable":true,"href":"https:\/\/www.ticmais.pt\/index.php?rest_route=%2Fwp%2Fv2%2Ftags&post=2593"}],"curies":[{"name":"wp","href":"https:\/\/api.w.org\/{rel}","templated":true}]}}