{"id":2607,"date":"2010-04-01T13:25:15","date_gmt":"2010-04-01T12:25:15","guid":{"rendered":"http:\/\/www.ticmais.pt\/?p=2607"},"modified":"2010-04-01T13:25:15","modified_gmt":"2010-04-01T12:25:15","slug":"qualificacao-media-dos-patroes-e-bastante-inferior-a-dos-trabalhadores","status":"publish","type":"post","link":"https:\/\/www.ticmais.pt\/?p=2607","title":{"rendered":"Qualifica\u00e7\u00e3o m\u00e9dia dos patr\u00f5es \u00e9 bastante inferior \u00e0 dos trabalhadores"},"content":{"rendered":"<table style=\"width: 100%;\" border=\"0\" cellspacing=\"5\" cellpadding=\"5\" align=\"justify\">\n<tbody>\n<tr>\n<td width=\"160\" valign=\"top\">\n<p><img decoding=\"async\" src=\"\/\/www.ticmais.pt\/ticmais\/imagens\/Qualificacao%20media%20dos%20patroes%20e%20bastante%20inferior%20a%20dos%20trabalhadores%20.PNG\" alt=\"\" \/><\/p>\n<\/td>\n<td valign=\"top\">\n<p style=\"text-align: justify;\">A forma\u00e7\u00e3o escolar dos empregadores portugueses \u00e9 substancialmente inferior \u00e0 da popula\u00e7\u00e3o empregada, e tamb\u00e9m \u00e0 dos seus colegas espanh\u00f3is e \u00e0 da m\u00e9dia dos empregadores dos 27 Estados-membros da Uni\u00e3o Europeia, segundo dados relativos a 2008. <a href=\"http:\/\/economia.publico.pt\/Noticia\/qualificacao-media-dos-patroes-e-bastante-inferior-a-dos-trabalhadores_1430503\" target=\"_blank\">Mais&#8230;<\/a><\/p>\n<\/td>\n<\/tr>\n<\/tbody>\n<\/table>\n<p><br class=\"spacer_\" \/><\/p>\n","protected":false},"excerpt":{"rendered":"<p>A forma\u00e7\u00e3o escolar dos empregadores portugueses \u00e9 substancialmente inferior \u00e0 da popula\u00e7\u00e3o empregada, e tamb\u00e9m \u00e0 dos seus colegas espanh\u00f3is e \u00e0 da m\u00e9dia dos empregadores dos 27 Estados-membros da Uni\u00e3o Europeia, segundo dados relativos a 2008. Mais&#8230;<\/p>\n","protected":false},"author":1,"featured_media":0,"comment_status":"closed","ping_status":"closed","sticky":false,"template":"","format":"standard","meta":{"footnotes":""},"categories":[15],"tags":[19],"class_list":["post-2607","post","type-post","status-publish","format-standard","hentry","category-tic-mais","tag-sociedade-do-conhecinentoda-informacao"],"_links":{"self":[{"href":"https:\/\/www.ticmais.pt\/index.php?rest_route=\/wp\/v2\/posts\/2607","targetHints":{"allow":["GET"]}}],"collection":[{"href":"https:\/\/www.ticmais.pt\/index.php?rest_route=\/wp\/v2\/posts"}],"about":[{"href":"https:\/\/www.ticmais.pt\/index.php?rest_route=\/wp\/v2\/types\/post"}],"author":[{"embeddable":true,"href":"https:\/\/www.ticmais.pt\/index.php?rest_route=\/wp\/v2\/users\/1"}],"replies":[{"embeddable":true,"href":"https:\/\/www.ticmais.pt\/index.php?rest_route=%2Fwp%2Fv2%2Fcomments&post=2607"}],"version-history":[{"count":0,"href":"https:\/\/www.ticmais.pt\/index.php?rest_route=\/wp\/v2\/posts\/2607\/revisions"}],"wp:attachment":[{"href":"https:\/\/www.ticmais.pt\/index.php?rest_route=%2Fwp%2Fv2%2Fmedia&parent=2607"}],"wp:term":[{"taxonomy":"category","embeddable":true,"href":"https:\/\/www.ticmais.pt\/index.php?rest_route=%2Fwp%2Fv2%2Fcategories&post=2607"},{"taxonomy":"post_tag","embeddable":true,"href":"https:\/\/www.ticmais.pt\/index.php?rest_route=%2Fwp%2Fv2%2Ftags&post=2607"}],"curies":[{"name":"wp","href":"https:\/\/api.w.org\/{rel}","templated":true}]}}