{"id":2644,"date":"2010-04-13T13:42:41","date_gmt":"2010-04-13T12:42:41","guid":{"rendered":"http:\/\/www.ticmais.pt\/?p=2644"},"modified":"2010-04-13T13:42:41","modified_gmt":"2010-04-13T12:42:41","slug":"investigacao-da-ce-ao-magalhaes-sem-desenvolvimentos","status":"publish","type":"post","link":"https:\/\/www.ticmais.pt\/?p=2644","title":{"rendered":"Investiga\u00e7\u00e3o da CE ao Magalh\u00e3es sem desenvolvimentos"},"content":{"rendered":"<table style=\"width: 100%;\" border=\"0\" cellspacing=\"5\" cellpadding=\"5\" align=\"justify\">\n<tbody>\n<tr>\n<td width=\"160\" valign=\"top\">\n<p><img decoding=\"async\" src=\"\/\/www.ticmais.pt\/ticmais\/imagens\/Investigacao%20da%20CE%20ao%20Magalhaes%20sem%20desenvolvimentos.jpg\" alt=\"\" \/><\/p>\n<\/td>\n<td valign=\"top\">\n<p style=\"text-align: justify;\">N\u00e3o h\u00e1 desenvolvimentos no inqu\u00e9rito aberto pela Comiss\u00e3o Europeia \u00e0 aquisi\u00e7\u00e3o do port\u00e1til Magalh\u00e3es \u00e0 JP S\u00e1 Couto sem a abertura de um concurso p\u00fablico. O Governo portugu\u00eas n\u00e3o respondeu ainda ao pedido formal do executivo europeu que pretende avaliar o caso depois de uma queixa entregue pela Acer. <a href=\"http:\/\/tek.sapo.pt\/noticias\/computadores\/investigacao_da_ce_ao_magalhaes_sem_desenvolv_1058278.html\" target=\"_blank\">Mais&#8230;<\/a>\u00a0<\/p>\n<\/td>\n<\/tr>\n<\/tbody>\n<\/table>\n<p><br class=\"spacer_\" \/><\/p>\n","protected":false},"excerpt":{"rendered":"<p>N\u00e3o h\u00e1 desenvolvimentos no inqu\u00e9rito aberto pela Comiss\u00e3o Europeia \u00e0 aquisi\u00e7\u00e3o do port\u00e1til Magalh\u00e3es \u00e0 JP S\u00e1 Couto sem a abertura de um concurso p\u00fablico. O Governo portugu\u00eas n\u00e3o respondeu ainda ao pedido formal do executivo europeu que pretende avaliar o caso depois de uma queixa entregue pela Acer. Mais&#8230;\u00a0<\/p>\n","protected":false},"author":1,"featured_media":0,"comment_status":"closed","ping_status":"closed","sticky":false,"template":"","format":"standard","meta":{"footnotes":""},"categories":[15],"tags":[63,121,255,64,403,99],"class_list":["post-2644","post","type-post","status-publish","format-standard","hentry","category-tic-mais","tag-e-escolinha","tag-governo","tag-investigacao","tag-magalhaes","tag-portugues","tag-uniao-europeia"],"_links":{"self":[{"href":"https:\/\/www.ticmais.pt\/index.php?rest_route=\/wp\/v2\/posts\/2644","targetHints":{"allow":["GET"]}}],"collection":[{"href":"https:\/\/www.ticmais.pt\/index.php?rest_route=\/wp\/v2\/posts"}],"about":[{"href":"https:\/\/www.ticmais.pt\/index.php?rest_route=\/wp\/v2\/types\/post"}],"author":[{"embeddable":true,"href":"https:\/\/www.ticmais.pt\/index.php?rest_route=\/wp\/v2\/users\/1"}],"replies":[{"embeddable":true,"href":"https:\/\/www.ticmais.pt\/index.php?rest_route=%2Fwp%2Fv2%2Fcomments&post=2644"}],"version-history":[{"count":0,"href":"https:\/\/www.ticmais.pt\/index.php?rest_route=\/wp\/v2\/posts\/2644\/revisions"}],"wp:attachment":[{"href":"https:\/\/www.ticmais.pt\/index.php?rest_route=%2Fwp%2Fv2%2Fmedia&parent=2644"}],"wp:term":[{"taxonomy":"category","embeddable":true,"href":"https:\/\/www.ticmais.pt\/index.php?rest_route=%2Fwp%2Fv2%2Fcategories&post=2644"},{"taxonomy":"post_tag","embeddable":true,"href":"https:\/\/www.ticmais.pt\/index.php?rest_route=%2Fwp%2Fv2%2Ftags&post=2644"}],"curies":[{"name":"wp","href":"https:\/\/api.w.org\/{rel}","templated":true}]}}