{"id":2659,"date":"2010-04-16T23:15:39","date_gmt":"2010-04-16T22:15:39","guid":{"rendered":"http:\/\/www.ticmais.pt\/?p=2659"},"modified":"2010-04-16T23:15:39","modified_gmt":"2010-04-16T22:15:39","slug":"intel-trabalha-em-sucessor-para-o-usb","status":"publish","type":"post","link":"https:\/\/www.ticmais.pt\/?p=2659","title":{"rendered":"Intel trabalha em sucessor para o USB"},"content":{"rendered":"<table style=\"width: 100%;\" border=\"0\" cellspacing=\"5\" cellpadding=\"5\" align=\"justify\">\n<tbody>\n<tr>\n<td width=\"160\" valign=\"top\">\n<p><img decoding=\"async\" src=\"\/\/www.ticmais.pt\/ticmais\/imagens\/Intel%20trabalha%20em%20sucessor%20para%20o%20USB.jpg\" alt=\"\" \/><\/p>\n<\/td>\n<td valign=\"top\">\n<p style=\"text-align: justify;\">A Intel est\u00e1 a desenvolver uma tecnologia para suceder ao sistema de transfer\u00eancia de dados baseado em USB. O objectivo da fabricante de processadores \u00e9 lan\u00e7ar a Light Peak j\u00e1 em 2011.<br \/>\nA revela\u00e7\u00e3o foi feita pela Intel durante um f\u00f3rum realizado em Pequim, onde a empresa defendeu as vantagens da nova tecnologia, que ir\u00e1 passar a integrar nos seus chipsets em detrimento da USB 3.0.\u00a0\u00a0<a href=\"http:\/\/sol.sapo.pt\/PaginaInicial\/Tecnologia\/Interior.aspx?content_id=169445\" target=\"_blank\">Mais&#8230;<\/a>\u00a0<\/p>\n<\/td>\n<\/tr>\n<\/tbody>\n<\/table>\n<p><br class=\"spacer_\" \/><\/p>\n","protected":false},"excerpt":{"rendered":"<p>A Intel est\u00e1 a desenvolver uma tecnologia para suceder ao sistema de transfer\u00eancia de dados baseado em USB. O objectivo da fabricante de processadores \u00e9 lan\u00e7ar a Light Peak j\u00e1 em 2011. A revela\u00e7\u00e3o foi feita pela Intel durante um f\u00f3rum realizado em Pequim, onde a empresa defendeu as vantagens da nova tecnologia, que ir\u00e1 [&hellip;]<\/p>\n","protected":false},"author":1,"featured_media":0,"comment_status":"closed","ping_status":"closed","sticky":false,"template":"","format":"standard","meta":{"footnotes":""},"categories":[15],"tags":[],"class_list":["post-2659","post","type-post","status-publish","format-standard","hentry","category-tic-mais"],"_links":{"self":[{"href":"https:\/\/www.ticmais.pt\/index.php?rest_route=\/wp\/v2\/posts\/2659","targetHints":{"allow":["GET"]}}],"collection":[{"href":"https:\/\/www.ticmais.pt\/index.php?rest_route=\/wp\/v2\/posts"}],"about":[{"href":"https:\/\/www.ticmais.pt\/index.php?rest_route=\/wp\/v2\/types\/post"}],"author":[{"embeddable":true,"href":"https:\/\/www.ticmais.pt\/index.php?rest_route=\/wp\/v2\/users\/1"}],"replies":[{"embeddable":true,"href":"https:\/\/www.ticmais.pt\/index.php?rest_route=%2Fwp%2Fv2%2Fcomments&post=2659"}],"version-history":[{"count":0,"href":"https:\/\/www.ticmais.pt\/index.php?rest_route=\/wp\/v2\/posts\/2659\/revisions"}],"wp:attachment":[{"href":"https:\/\/www.ticmais.pt\/index.php?rest_route=%2Fwp%2Fv2%2Fmedia&parent=2659"}],"wp:term":[{"taxonomy":"category","embeddable":true,"href":"https:\/\/www.ticmais.pt\/index.php?rest_route=%2Fwp%2Fv2%2Fcategories&post=2659"},{"taxonomy":"post_tag","embeddable":true,"href":"https:\/\/www.ticmais.pt\/index.php?rest_route=%2Fwp%2Fv2%2Ftags&post=2659"}],"curies":[{"name":"wp","href":"https:\/\/api.w.org\/{rel}","templated":true}]}}