{"id":2685,"date":"2020-04-25T00:30:39","date_gmt":"2020-04-24T23:30:39","guid":{"rendered":"http:\/\/www.ticmais.pt\/?p=2685"},"modified":"2020-05-02T02:05:06","modified_gmt":"2020-05-02T01:05:06","slug":"36%c2%ba-aniversario-do-25-de-abril","status":"publish","type":"post","link":"https:\/\/www.ticmais.pt\/?p=2685","title":{"rendered":"46\u00ba anivers\u00e1rio do 25 de Abril"},"content":{"rendered":"<table style=\"width: 100%;\" border=\"0\" cellspacing=\"5\" cellpadding=\"5\" align=\"justify\">\n<tbody>\n<tr>\n<td valign=\"top\" width=\"160\"><img decoding=\"async\" src=\"\/\/www.ticmais.pt\/ticmais\/imagens\/36%20aniversario%20do%2025%20de%20Abril%201.jpg\" alt=\"\" \/><\/p>\n<p><br class=\"spacer_\" \/><img decoding=\"async\" src=\"https:\/\/www.ticmais.pt\/ticmais\/imagens\/Jose%20Labaredas,%20nasceu%20no%20Couco%20a%2012%20de%20Janeiro%20de%201946.jpg\" \/><\/td>\n<td valign=\"top\"><strong>Recordando: <a href=\"https:\/\/www.youtube.com\/watch?v=ERXpCjbwny0\">Zeca Afonso<\/a>, <a href=\"https:\/\/www.youtube.com\/watch?v=Sd2DXER9tCg\">Carlos Paredes<\/a>, <a href=\"https:\/\/festivaiscancao.wordpress.com\/2018\/12\/15\/jose-mario-branco-inquietacao-o-documentario\/\">Jos\u00e9 M\u00e1rio Branco<\/a>, <a href=\"https:\/\/www.youtube.com\/watch?v=BQQiqaTVpvk\">Pedro Barroso<\/a>, <a href=\"https:\/\/www.youtube.com\/watch?v=jD8O1CwyAQQ\">Patxi Andi\u00f3n,<\/a> tamb\u00e9m\u00a0 <a href=\"http:\/\/pt.wikipedia.org\/wiki\/Filhos_da_Madrugada#Disco_1\" target=\"_blank\" rel=\"noopener noreferrer\">&#8216;Filhos da Madrugada cantam Jos\u00e9 Afonso&#8217;<\/a> e <a href=\"http:\/\/pt.wikipedia.org\/wiki\/Jos%C3%A9_Labaredas\">Jos\u00e9 Labaredas<\/a> um grande amigo meu de Abril (que, entre outras qualidades maiores &#8211; coerente, sabedor, generoso, solid\u00e1rio e com um apurado sentido de justi\u00e7a em todos os momentos &#8211; , que ainda fez o favor de ser meu amigo), a quem <a href=\"http:\/\/www.aja.pt\/o-%c2%ablondon-london%c2%bb-de-zeca\/\">Zeca Afonso<\/a> se referia como &#8220;homem bom do Cou\u00e7o&#8221;, que Samuel recorda como<\/strong> <strong><a href=\"http:\/\/guedelhudos.blogspot.com\/search\/label\/Jos\u00e9%20Labaredas\">&#8220;homem da cultura, da gastronomia, da amizade sem truques<\/a>&#8220;.\u00a0<\/strong><\/p>\n<p><strong><a href=\"http:\/\/www.youtube.com\/watch?v=giuHvr72s1U\" target=\"_blank\" rel=\"noopener noreferrer\">Gr\u00e2ndola, Vila Morena<\/a>\u00a0&#8211; <\/strong>Coro Infantil de Santo Amaro de Oeiras<br \/>\n<a href=\"http:\/\/www.youtube.com\/watch?v=AeY1DyUvtew\" target=\"_blank\" rel=\"noopener noreferrer\">Chamaram-me Cigano<\/a> &#8211; Resist\u00eancia<br \/>\n<a href=\"http:\/\/www.youtube.com\/watch?v=tBigIqErxl4\" target=\"_blank\" rel=\"noopener noreferrer\">Maio maduro Maio<\/a> &#8211; Madredeus<br \/>\n<a href=\"http:\/\/www.youtube.com\/watch?v=1nH44FGp5lI\" target=\"_blank\" rel=\"noopener noreferrer\">A formiga no carreiro<\/a> &#8211; Sitiados<br \/>\n<a href=\"http:\/\/www.youtube.com\/watch?v=wM6WYYEQUhE\" target=\"_blank\" rel=\"noopener noreferrer\">Os \u00cdndios da Meia-Praia<\/a> &#8211; Vozes da R\u00e1dio<br \/>\n<a href=\"http:\/\/www.youtube.com\/watch?v=HxrDsEpxvOY\" target=\"_blank\" rel=\"noopener noreferrer\">O Homem da gaita<\/a> &#8211; Peste &amp; Sida<br \/>\n<a href=\"http:\/\/www.youtube.com\/watch?v=QMsHNZAUamI\" target=\"_blank\" rel=\"noopener noreferrer\">Canto Mo\u00e7o<\/a> &#8211; Ritual Tejo<br \/>\n<a href=\"http:\/\/www.youtube.com\/watch?v=Jr5zfMw3D-4\" target=\"_blank\" rel=\"noopener noreferrer\">Era um redondo voc\u00e1bulo<\/a> &#8211; Opus Emsemble<br \/>\n<a href=\"http:\/\/coexistenciahumoristica.blogspot.com\/2010\/04\/filhos-da-madrugada-cantam-jose-afonso.html\" target=\"_blank\" rel=\"noopener noreferrer\">Coro da Primavera<\/a> &#8211; Xutos &amp; Pontap\u00e9s<br \/>\n<a href=\"http:\/\/www.cdgo.com\/mp3\/1168950_1_02.mp3\" target=\"_blank\" rel=\"noopener noreferrer\">Coro Dos Tribunais<\/a> &#8211; G.N.R.<br \/>\n<a href=\"http:\/\/www.cdgo.com\/mp3\/1168950_1_01.mp3\" target=\"_blank\" rel=\"noopener noreferrer\">Maio Maduro Maio<\/a> &#8211; Madredeus<br \/>\n<a href=\"http:\/\/www.youtube.com\/watch?v=rBTu04cYR0M\" target=\"_blank\" rel=\"noopener noreferrer\">Traz outro amigo tamb\u00e9m<\/a> &#8211; Entre Aspas<br \/>\n<a href=\"http:\/\/www.youtube.com\/watch?v=TLXvUmLsgg4\" target=\"_blank\" rel=\"noopener noreferrer\">O av\u00f4 cavernoso<\/a> &#8211; M\u00e3o Morta<br \/>\n<a href=\"http:\/\/www.youtube.com\/watch?v=mCVkX5uGXc4\" target=\"_blank\" rel=\"noopener noreferrer\">O que faz falta<\/a> &#8211; Censurados<br \/>\n<a href=\"http:\/\/www.youtube.com\/watch?v=YSH6mAEMDXA\" target=\"_blank\" rel=\"noopener noreferrer\">Senhor Arcanjo<\/a> &#8211; Essa Entente<br \/>\n<a href=\"http:\/\/www.youtube.com\/watch?v=Qs_sRNe4yRU\" target=\"_blank\" rel=\"noopener noreferrer\">Can\u00e7\u00e3o de embalar<\/a><strong><span style=\"display: inline !important; float: none; background-color: #ffffff; color: #333333; cursor: text; font-family: Georgia,'Times New Roman','Bitstream Charter',Times,serif; font-size: 16px; font-style: normal; font-variant: normal; font-weight: 400; letter-spacing: normal; orphans: 2; text-align: left; text-decoration: none; text-indent: 0px; text-transform: none; -webkit-text-stroke-width: 0px; white-space: normal; word-spacing: 0px;\"> &#8211; Diva<\/span><\/strong><\/td>\n<\/tr>\n<\/tbody>\n<\/table>\n<p>&nbsp;<\/p>\n","protected":false},"excerpt":{"rendered":"<p>Recordando: Zeca Afonso, Carlos Paredes, Jos\u00e9 M\u00e1rio Branco, Pedro Barroso, Patxi Andi\u00f3n, tamb\u00e9m\u00a0 &#8216;Filhos da Madrugada cantam Jos\u00e9 Afonso&#8217; e Jos\u00e9 Labaredas um grande amigo meu de Abril (que, entre outras qualidades maiores &#8211; coerente, sabedor, generoso, solid\u00e1rio e com um apurado sentido de justi\u00e7a em todos os momentos &#8211; , que ainda fez o [&hellip;]<\/p>\n","protected":false},"author":1,"featured_media":0,"comment_status":"closed","ping_status":"closed","sticky":false,"template":"","format":"standard","meta":{"footnotes":""},"categories":[15],"tags":[297,864,4015,646,4014,384],"class_list":["post-2685","post","type-post","status-publish","format-standard","hentry","category-tic-mais","tag-25-de-abril","tag-comemoracoes","tag-filhos-da-madrugada","tag-jose-labaredas","tag-samuel","tag-zeca-afonso"],"_links":{"self":[{"href":"https:\/\/www.ticmais.pt\/index.php?rest_route=\/wp\/v2\/posts\/2685","targetHints":{"allow":["GET"]}}],"collection":[{"href":"https:\/\/www.ticmais.pt\/index.php?rest_route=\/wp\/v2\/posts"}],"about":[{"href":"https:\/\/www.ticmais.pt\/index.php?rest_route=\/wp\/v2\/types\/post"}],"author":[{"embeddable":true,"href":"https:\/\/www.ticmais.pt\/index.php?rest_route=\/wp\/v2\/users\/1"}],"replies":[{"embeddable":true,"href":"https:\/\/www.ticmais.pt\/index.php?rest_route=%2Fwp%2Fv2%2Fcomments&post=2685"}],"version-history":[{"count":0,"href":"https:\/\/www.ticmais.pt\/index.php?rest_route=\/wp\/v2\/posts\/2685\/revisions"}],"wp:attachment":[{"href":"https:\/\/www.ticmais.pt\/index.php?rest_route=%2Fwp%2Fv2%2Fmedia&parent=2685"}],"wp:term":[{"taxonomy":"category","embeddable":true,"href":"https:\/\/www.ticmais.pt\/index.php?rest_route=%2Fwp%2Fv2%2Fcategories&post=2685"},{"taxonomy":"post_tag","embeddable":true,"href":"https:\/\/www.ticmais.pt\/index.php?rest_route=%2Fwp%2Fv2%2Ftags&post=2685"}],"curies":[{"name":"wp","href":"https:\/\/api.w.org\/{rel}","templated":true}]}}