{"id":271,"date":"2007-10-02T00:00:00","date_gmt":"2007-10-02T00:00:00","guid":{"rendered":"http:\/\/www.ticmais.pt\/index.php\/2007\/10\/02\/c-m-de-coruche-continua-a-apostar-pouco-na-area-das-tic\/"},"modified":"2021-04-29T16:19:30","modified_gmt":"2021-04-29T15:19:30","slug":"c-m-de-coruche-continua-a-apostar-pouco-na-area-das-tic","status":"publish","type":"post","link":"https:\/\/www.ticmais.pt\/?p=271","title":{"rendered":"C. M. de Coruche continua a apostar pouco na \u00e1rea das TIC"},"content":{"rendered":"<table style=\"width: 100%;\" border=\"0\" cellspacing=\"5\" cellpadding=\"5\">\n<tbody>\n<tr>\n<td valign=\"top\" width=\"160\"><img decoding=\"async\" src=\"\/\/www.ticmais.pt\/ticmais\/imagens\/c-m-de-coruche-continua-a-apostar-pouco-na-area-das-tic3.jpg\" alt=\"\" border=\"0\" \/><\/td>\n<td valign=\"top\">\n<p style=\"text-align: justify;\">Em <strong>2000<\/strong>, \u00e0 data da Agenda de Lisboa, a Administra\u00e7\u00e3o Central apresentava uma percentagem m\u00e9dia de 2% (note-se 2 em 100) de funcion\u00e1rios nas carreiras de Tecnologias de Informa\u00e7\u00e3o e Comunica\u00e7\u00e3o, o que foi definido como bastante insuficiente e a alterar.<\/p>\n<p><a href=\"http:\/\/www.ticmais.pt\/?p=1234\"><img decoding=\"async\" src=\"\/\/www.ticmais.pt\/ticmais\/imagens\/ticmaislogomini.png\" alt=\"\" \/><\/a><\/td>\n<\/tr>\n<\/tbody>\n<\/table>\n<p><!--more--><\/p>\n<table style=\"width: 100%;\" border=\"0\" cellspacing=\"5\" cellpadding=\"5\">\n<tbody>\n<tr>\n<td valign=\"middle\">\n<p style=\"text-align: justify; color: #000000;\"><strong>De 2000 a 2008<\/strong>, dum modo geral, essa percentagem tem vindo a aumentar de forma significativa nos servi\u00e7os da Administra\u00e7\u00e3o P\u00fablica. Contrariamente, na C\u00e2mara Municipal de Coruche, decorridos 8 anos, o movimento \u00e9 de sinal contr\u00e1rio. Continua a n\u00e3o ter nenhum licenciado a exercer fun\u00e7\u00f5es nessa \u00e1rea e baixou a percentagem de 0,87% para 0,58% (0,58 em 100), o que \u00e9 manifestamente pouco.<\/p>\n<p style=\"text-align: justify; color: #000000;\"><strong>Em 2007<\/strong> dos 10 est\u00e1gios aprovados no \u00e2mbito do PEPAL (6 para licenciados e 4 para t\u00e9cnico-profissionais, n\u00e3o abriu nenhum para as \u00e1reas das Tecnologias de Informa\u00e7\u00e3o e Comunica\u00e7\u00e3o.<\/p>\n<p style=\"text-align: justify; color: #000000;\"><strong>Em 2008<\/strong>, j\u00e1 foram abertas candidaturas para:<\/p>\n<p style=\"text-align: justify; color: #000000;\">1 lugar &#8211; Licenciatura em Arquitectura;<br \/>\n1 lugar &#8211; Licenciatura em Engenharia do Territ\u00f3rio ou, Gest\u00e3o de Tr\u00e1fego Rodovi\u00e1rio ou Gest\u00e3o do Territ\u00f3rio;<br \/>\n1 lugar &#8211; Licenciatura em Educa\u00e7\u00e3o B\u00e1sica.<\/p>\n<p style=\"text-align: justify;\"><strong>Se considerarmos que \u00e9 necess\u00e1rio:<\/strong><\/p>\n<ul>\n<li style=\"color: #000000;\">elevar o patamar de desenvolvimento do <em>eGovernment<\/em> Municipal;<\/li>\n<li style=\"color: #000000;\">implementar o Simplex a n\u00edvel local;<\/li>\n<li style=\"color: #000000;\">manter em pleno funcionamento todo o parque inform\u00e1tico instalado;<\/li>\n<li style=\"color: #000000;\">cumprir os objectivos do projecto Lez\u00edria em Rede (<span style=\"color: #800000;\">e abri-lo aos cidad\u00e3os<\/span>).<\/li>\n<li style=\"text-align: justify; color: #000000;\">preparar o concelho de Coruche para a sociedade da informa\u00e7\u00e3o e criar condi\u00e7\u00f5es para que o universo daqueles com acesso aos benef\u00edcios das TIC seja aumentado drasticamente e a custo acess\u00edvel, porque a realidade est\u00e1 \u00e0 vista.<\/li>\n<\/ul>\n<p><strong style=\"color: #0000cc;\"><span style=\"color: #800000;\"><br \/>\n<img loading=\"lazy\" decoding=\"async\" src=\"\/\/www.ticmais.pt\/ticmais\/imagens\/ticmais-nota-singular.gif\" alt=\"\" width=\"120\" height=\"47\" align=\"left\" border=\"0\" \/><\/span><\/strong><\/td>\n<\/tr>\n<\/tbody>\n<\/table>\n<table style=\"width: 100%;\" border=\"0\" cellspacing=\"5\" cellpadding=\"5\">\n<tbody>\n<tr>\n<td style=\"text-align: justify; background-color: #d6f48e;\" valign=\"top\"><span style=\"color: #000000;\">O TICMAIS (Movimento e-Coruche) considera que este caminho n\u00e3o \u00e9 consequente com os objectivos da Agenda de Lisboa, com o que j\u00e1 preconizava o POR-LVT 2000-2006 e muito menos com o que preconiza o QREN 2007-2013 nos seus grandes objectivos.<\/span><\/td>\n<\/tr>\n<\/tbody>\n<\/table>\n<table style=\"width: 100%;\" border=\"0\" cellspacing=\"5\" cellpadding=\"5\">\n<tbody>\n<tr>\n<td valign=\"top\">\n<div style=\"text-align: center;\"><img decoding=\"async\" src=\"\/\/www.ticmais.pt\/ticmais\/imagens\/c-m-de-coruche-continua-a-apostar-pouco-na-area-das-tic4.PNG\" alt=\"\" border=\"0\" \/><\/div>\n<p>&nbsp;<\/td>\n<\/tr>\n<\/tbody>\n<\/table>\n<table style=\"width: 100%;\" border=\"0\" cellspacing=\"5\" cellpadding=\"5\" align=\"justify\">\n<tbody>\n<tr>\n<td style=\"background-color: #e0f37c;\" valign=\"top\"><span style=\"text-decoration: underline;\"><span style=\"color: #0066cc;\"><a href=\".\/wp-ticmais\/pdf\/QuadroPessoal2008.pdf\" target=\"_blank\" rel=\"noopener noreferrer\"><span style=\"color: #ffffff;\"><strong><img loading=\"lazy\" decoding=\"async\" src=\"\/\/www.ticmais.pt\/ticmais\/imagens\/ticmais-pdf.jpg\" alt=\"\" width=\"16\" height=\"16\" border=\"0\" \/> <\/strong><\/span>Quadro de Pessoal e Remunera\u00e7\u00f5es 2008, consulte aqui.<\/a><\/span><\/span><\/td>\n<\/tr>\n<tr>\n<td><span style=\"color: #800000;\"><img decoding=\"async\" src=\"\/\/www.ticmais.pt\/ticmais\/imagens\/Coruche,Antonio Pinheiro da Costa,TicMAIS,Cantanhede,Cidadania, Movimento.png\" alt=\"\" \/>\u00a0<\/span><\/p>\n<p><span style=\"color: #ffffff;\">.<\/span><\/p>\n<p><a href=\"https:\/\/www.ticmais.pt\/ticmais\/pdf\/2008.05.29.o.municipio.de.coruche.continua.a.apostar.pouco.na.area.das.TIC.pdf\"><strong>Artigo publicado no\u00a0 Jornal Mais Regi\u00e3o<\/strong><\/a><\/td>\n<\/tr>\n<tr>\n<td><a href=\"https:\/\/www.ticmais.pt\/\"><span style=\"color: #800000;\"><img decoding=\"async\" src=\"\/\/www.ticmais.pt\/ticmais\/imagens\/Coruche, TicMAIS, Antonio Pinheiro da Costa, Movimento de Cidadania, Cantanhede.png\" alt=\"\" \/><\/span><\/a><\/td>\n<\/tr>\n<\/tbody>\n<\/table>\n","protected":false},"excerpt":{"rendered":"<p>Em 2000, \u00e0 data da Agenda de Lisboa, a Administra\u00e7\u00e3o Central apresentava uma percentagem m\u00e9dia de 2% (note-se 2 em 100) de funcion\u00e1rios nas carreiras de Tecnologias de Informa\u00e7\u00e3o e Comunica\u00e7\u00e3o, o que foi definido como bastante insuficiente e a alterar.<\/p>\n","protected":false},"author":1,"featured_media":0,"comment_status":"open","ping_status":"open","sticky":false,"template":"","format":"standard","meta":{"footnotes":""},"categories":[15],"tags":[2,3,5,6,17,7,8,10,11,12,18,13,14,19,16],"class_list":["post-271","post","type-post","status-publish","format-standard","hentry","category-tic-mais","tag-antonio-pinheiro-da-costa","tag-camara-municipal-de-coruche","tag-cidadania","tag-coruche","tag-desenvolvimento-economico","tag-egov","tag-inclusao-digital","tag-movimentos-civicos","tag-movimento-de-cidadania","tag-municipios","tag-plano-tecnologico","tag-poder-local","tag-simplex","tag-sociedade-do-conhecinentoda-informacao","tag-ticmais"],"_links":{"self":[{"href":"https:\/\/www.ticmais.pt\/index.php?rest_route=\/wp\/v2\/posts\/271","targetHints":{"allow":["GET"]}}],"collection":[{"href":"https:\/\/www.ticmais.pt\/index.php?rest_route=\/wp\/v2\/posts"}],"about":[{"href":"https:\/\/www.ticmais.pt\/index.php?rest_route=\/wp\/v2\/types\/post"}],"author":[{"embeddable":true,"href":"https:\/\/www.ticmais.pt\/index.php?rest_route=\/wp\/v2\/users\/1"}],"replies":[{"embeddable":true,"href":"https:\/\/www.ticmais.pt\/index.php?rest_route=%2Fwp%2Fv2%2Fcomments&post=271"}],"version-history":[{"count":0,"href":"https:\/\/www.ticmais.pt\/index.php?rest_route=\/wp\/v2\/posts\/271\/revisions"}],"wp:attachment":[{"href":"https:\/\/www.ticmais.pt\/index.php?rest_route=%2Fwp%2Fv2%2Fmedia&parent=271"}],"wp:term":[{"taxonomy":"category","embeddable":true,"href":"https:\/\/www.ticmais.pt\/index.php?rest_route=%2Fwp%2Fv2%2Fcategories&post=271"},{"taxonomy":"post_tag","embeddable":true,"href":"https:\/\/www.ticmais.pt\/index.php?rest_route=%2Fwp%2Fv2%2Ftags&post=271"}],"curies":[{"name":"wp","href":"https:\/\/api.w.org\/{rel}","templated":true}]}}