{"id":2720,"date":"2010-05-01T10:21:43","date_gmt":"2010-05-01T09:21:43","guid":{"rendered":"http:\/\/www.ticmais.pt\/?p=2720"},"modified":"2010-05-01T10:21:43","modified_gmt":"2010-05-01T09:21:43","slug":"comemoracoes-do-1%c2%ba-de-maio","status":"publish","type":"post","link":"https:\/\/www.ticmais.pt\/?p=2720","title":{"rendered":"Comemora\u00e7\u00f5es do 1\u00ba de Maio"},"content":{"rendered":"<table style=\"width: 100%;\" border=\"0\" cellspacing=\"5\" cellpadding=\"5\" align=\"justify\">\n<tbody>\n<tr>\n<td width=\"160\" valign=\"top\">\n<p><img decoding=\"async\" src=\"\/\/www.ticmais.pt\/ticmais\/imagens\/Comemoracoes%20do%201%20de%20Maio.jpg\" alt=\"\" \/><\/p>\n<\/td>\n<td valign=\"top\">\n<p style=\"text-align: justify;\">H\u00e1 precisamente 120 anos, os trabalhadores de Chicago conseguiram vencer a luta pela jornada das oito horas de trabalho. Hoje, um s\u00e9culo e muitas revolu\u00e7\u00f5es tecnol\u00f3gicas e sociais depois, os milhares que aderem \u00e0s manifesta\u00e7\u00f5es para assinalar o Dia do Trabalhador v\u00e3o protestar, no auge da maior crise dos \u00faltimos 30 anos, contra o desemprego &#8211; que\u00a0 atinge mais de 580 mil portugueses &#8211; , a precariedade, os baixos sal\u00e1rios, a desigualdade e a desregulamenta\u00e7\u00e3o, que obriga muitos a trabalhar mais de&#8230; oito horas por dia. <a href=\"http:\/\/dn.sapo.pt\/bolsa\/emprego\/interior.aspx?content_id=1558320\" target=\"_blank\">Mais&#8230;<\/a><\/p>\n<\/td>\n<\/tr>\n<\/tbody>\n<\/table>\n<p><br class=\"spacer_\" \/><\/p>\n","protected":false},"excerpt":{"rendered":"<p>H\u00e1 precisamente 120 anos, os trabalhadores de Chicago conseguiram vencer a luta pela jornada das oito horas de trabalho. Hoje, um s\u00e9culo e muitas revolu\u00e7\u00f5es tecnol\u00f3gicas e sociais depois, os milhares que aderem \u00e0s manifesta\u00e7\u00f5es para assinalar o Dia do Trabalhador v\u00e3o protestar, no auge da maior crise dos \u00faltimos 30 anos, contra o desemprego [&hellip;]<\/p>\n","protected":false},"author":1,"featured_media":0,"comment_status":"closed","ping_status":"closed","sticky":false,"template":"","format":"standard","meta":{"footnotes":""},"categories":[15],"tags":[1010,864,1011],"class_list":["post-2720","post","type-post","status-publish","format-standard","hentry","category-tic-mais","tag-1-de-maio","tag-comemoracoes","tag-dia-do-trabalhador"],"_links":{"self":[{"href":"https:\/\/www.ticmais.pt\/index.php?rest_route=\/wp\/v2\/posts\/2720","targetHints":{"allow":["GET"]}}],"collection":[{"href":"https:\/\/www.ticmais.pt\/index.php?rest_route=\/wp\/v2\/posts"}],"about":[{"href":"https:\/\/www.ticmais.pt\/index.php?rest_route=\/wp\/v2\/types\/post"}],"author":[{"embeddable":true,"href":"https:\/\/www.ticmais.pt\/index.php?rest_route=\/wp\/v2\/users\/1"}],"replies":[{"embeddable":true,"href":"https:\/\/www.ticmais.pt\/index.php?rest_route=%2Fwp%2Fv2%2Fcomments&post=2720"}],"version-history":[{"count":0,"href":"https:\/\/www.ticmais.pt\/index.php?rest_route=\/wp\/v2\/posts\/2720\/revisions"}],"wp:attachment":[{"href":"https:\/\/www.ticmais.pt\/index.php?rest_route=%2Fwp%2Fv2%2Fmedia&parent=2720"}],"wp:term":[{"taxonomy":"category","embeddable":true,"href":"https:\/\/www.ticmais.pt\/index.php?rest_route=%2Fwp%2Fv2%2Fcategories&post=2720"},{"taxonomy":"post_tag","embeddable":true,"href":"https:\/\/www.ticmais.pt\/index.php?rest_route=%2Fwp%2Fv2%2Ftags&post=2720"}],"curies":[{"name":"wp","href":"https:\/\/api.w.org\/{rel}","templated":true}]}}