{"id":2744,"date":"2010-05-07T17:23:57","date_gmt":"2010-05-07T16:23:57","guid":{"rendered":"http:\/\/www.ticmais.pt\/?p=2744"},"modified":"2010-05-07T17:23:57","modified_gmt":"2010-05-07T16:23:57","slug":"portugal-continua-fora-da-rota-do-ipad","status":"publish","type":"post","link":"https:\/\/www.ticmais.pt\/?p=2744","title":{"rendered":"Portugal continua fora da rota do iPad"},"content":{"rendered":"<table style=\"width: 100%;\" border=\"0\" cellspacing=\"5\" cellpadding=\"5\" align=\"justify\">\n<tbody>\n<tr>\n<td width=\"160\" valign=\"top\">\n<p><img decoding=\"async\" src=\"\/\/www.ticmais.pt\/ticmais\/imagens\/Portugal%20continua%20fora%20da%20rota%20do%20iPad.jpg\" alt=\"\" \/><\/p>\n<\/td>\n<td valign=\"top\">\n<p style=\"text-align: justify;\">A Apple anunciou a chegada do seu <em>tablet<\/em> a dois novos grupos de pa\u00edses O primeiro, onde constam Espanha e Fran\u00e7a, recebe o iPad no final do m\u00eas, enquanto pa\u00edses como a \u00c1ustria, B\u00e9lgica, Holanda ter\u00e3o de aguardar at\u00e9 Julho. <a href=\"http:\/\/tek.sapo.pt\/noticias\/computadores\/portugal_continua_fora_da_rota_do_ipad_1063332.html\" target=\"_blank\">Mais&#8230;<br \/>\n<\/a><\/p>\n<\/td>\n<\/tr>\n<\/tbody>\n<\/table>\n<p><br class=\"spacer_\" \/><\/p>\n","protected":false},"excerpt":{"rendered":"<p>A Apple anunciou a chegada do seu tablet a dois novos grupos de pa\u00edses O primeiro, onde constam Espanha e Fran\u00e7a, recebe o iPad no final do m\u00eas, enquanto pa\u00edses como a \u00c1ustria, B\u00e9lgica, Holanda ter\u00e3o de aguardar at\u00e9 Julho. Mais&#8230;<\/p>\n","protected":false},"author":1,"featured_media":0,"comment_status":"closed","ping_status":"closed","sticky":false,"template":"","format":"standard","meta":{"footnotes":""},"categories":[15],"tags":[103,559,728],"class_list":["post-2744","post","type-post","status-publish","format-standard","hentry","category-tic-mais","tag-apple","tag-europa","tag-ipad"],"_links":{"self":[{"href":"https:\/\/www.ticmais.pt\/index.php?rest_route=\/wp\/v2\/posts\/2744","targetHints":{"allow":["GET"]}}],"collection":[{"href":"https:\/\/www.ticmais.pt\/index.php?rest_route=\/wp\/v2\/posts"}],"about":[{"href":"https:\/\/www.ticmais.pt\/index.php?rest_route=\/wp\/v2\/types\/post"}],"author":[{"embeddable":true,"href":"https:\/\/www.ticmais.pt\/index.php?rest_route=\/wp\/v2\/users\/1"}],"replies":[{"embeddable":true,"href":"https:\/\/www.ticmais.pt\/index.php?rest_route=%2Fwp%2Fv2%2Fcomments&post=2744"}],"version-history":[{"count":0,"href":"https:\/\/www.ticmais.pt\/index.php?rest_route=\/wp\/v2\/posts\/2744\/revisions"}],"wp:attachment":[{"href":"https:\/\/www.ticmais.pt\/index.php?rest_route=%2Fwp%2Fv2%2Fmedia&parent=2744"}],"wp:term":[{"taxonomy":"category","embeddable":true,"href":"https:\/\/www.ticmais.pt\/index.php?rest_route=%2Fwp%2Fv2%2Fcategories&post=2744"},{"taxonomy":"post_tag","embeddable":true,"href":"https:\/\/www.ticmais.pt\/index.php?rest_route=%2Fwp%2Fv2%2Ftags&post=2744"}],"curies":[{"name":"wp","href":"https:\/\/api.w.org\/{rel}","templated":true}]}}