{"id":2746,"date":"2010-05-08T18:42:03","date_gmt":"2010-05-08T17:42:03","guid":{"rendered":"http:\/\/www.ticmais.pt\/?p=2746"},"modified":"2010-05-08T18:42:03","modified_gmt":"2010-05-08T17:42:03","slug":"tmn-tambem-reve-precos-da-banda-larga-movel","status":"publish","type":"post","link":"https:\/\/www.ticmais.pt\/?p=2746","title":{"rendered":"TMN tamb\u00e9m rev\u00ea pre\u00e7os da banda larga m\u00f3vel"},"content":{"rendered":"<table style=\"width: 100%;\" border=\"0\" cellspacing=\"5\" cellpadding=\"5\" align=\"justify\">\n<tbody>\n<tr>\n<td width=\"160\" valign=\"top\">\n<p><img decoding=\"async\" src=\"\/\/www.ticmais.pt\/ticmais\/imagens\/TMN%20tambem%20reve%20precos%20da%20banda%20larga%20movel.jpg\" alt=\"\" \/><\/p>\n<\/td>\n<td valign=\"top\">\n<p style=\"text-align: justify;\">A operadora actualizou os pre\u00e7os dos seus tarif\u00e1rios de acesso m\u00f3vel \u00e0 Internet. \u00c0 semelhan\u00e7a das altera\u00e7\u00f5es introduzidas pela Vodafone em Abril, o tr\u00e1fego passa a ser sem limites para todos os clientes, com mensalidades a partir de 14,90 euros. <a href=\"http:\/\/tek.sapo.pt\/noticias\/telecomunicacoes\/tmn_tambem_reve_precos_da_banda_larga_movel_1063466.html\" target=\"_blank\">Mais&#8230;<\/a><\/p>\n<\/td>\n<\/tr>\n<\/tbody>\n<\/table>\n<p><br class=\"spacer_\" \/><\/p>\n","protected":false},"excerpt":{"rendered":"<p>A operadora actualizou os pre\u00e7os dos seus tarif\u00e1rios de acesso m\u00f3vel \u00e0 Internet. \u00c0 semelhan\u00e7a das altera\u00e7\u00f5es introduzidas pela Vodafone em Abril, o tr\u00e1fego passa a ser sem limites para todos os clientes, com mensalidades a partir de 14,90 euros. Mais&#8230;<\/p>\n","protected":false},"author":1,"featured_media":0,"comment_status":"closed","ping_status":"closed","sticky":false,"template":"","format":"standard","meta":{"footnotes":""},"categories":[15],"tags":[769,34,176],"class_list":["post-2746","post","type-post","status-publish","format-standard","hentry","category-tic-mais","tag-banda-larga","tag-internet","tag-tmn"],"_links":{"self":[{"href":"https:\/\/www.ticmais.pt\/index.php?rest_route=\/wp\/v2\/posts\/2746","targetHints":{"allow":["GET"]}}],"collection":[{"href":"https:\/\/www.ticmais.pt\/index.php?rest_route=\/wp\/v2\/posts"}],"about":[{"href":"https:\/\/www.ticmais.pt\/index.php?rest_route=\/wp\/v2\/types\/post"}],"author":[{"embeddable":true,"href":"https:\/\/www.ticmais.pt\/index.php?rest_route=\/wp\/v2\/users\/1"}],"replies":[{"embeddable":true,"href":"https:\/\/www.ticmais.pt\/index.php?rest_route=%2Fwp%2Fv2%2Fcomments&post=2746"}],"version-history":[{"count":0,"href":"https:\/\/www.ticmais.pt\/index.php?rest_route=\/wp\/v2\/posts\/2746\/revisions"}],"wp:attachment":[{"href":"https:\/\/www.ticmais.pt\/index.php?rest_route=%2Fwp%2Fv2%2Fmedia&parent=2746"}],"wp:term":[{"taxonomy":"category","embeddable":true,"href":"https:\/\/www.ticmais.pt\/index.php?rest_route=%2Fwp%2Fv2%2Fcategories&post=2746"},{"taxonomy":"post_tag","embeddable":true,"href":"https:\/\/www.ticmais.pt\/index.php?rest_route=%2Fwp%2Fv2%2Ftags&post=2746"}],"curies":[{"name":"wp","href":"https:\/\/api.w.org\/{rel}","templated":true}]}}