{"id":2748,"date":"2010-05-10T09:19:37","date_gmt":"2010-05-10T08:19:37","guid":{"rendered":"http:\/\/www.ticmais.pt\/?p=2748"},"modified":"2010-05-10T09:19:37","modified_gmt":"2010-05-10T08:19:37","slug":"europa-adopta-regras-para-a-banda-larga-rural","status":"publish","type":"post","link":"https:\/\/www.ticmais.pt\/?p=2748","title":{"rendered":"Europa adopta regras para a banda larga rural"},"content":{"rendered":"<table style=\"width: 100%;\" border=\"0\" cellspacing=\"5\" cellpadding=\"5\" align=\"justify\">\n<tbody>\n<tr>\n<td width=\"160\" valign=\"top\">\n<p><img decoding=\"async\" src=\"\/\/www.ticmais.pt\/ticmais\/imagens\/Europa%20adopta%20regras%20para%20a%20banda%20larga%20rural.jpg\" alt=\"\" \/><\/p>\n<\/td>\n<td valign=\"top\">\n<p style=\"text-align: justify;\"><strong>A CE anunciou a uniformiza\u00e7\u00e3o das regras t\u00e9cnicas da banda larga m\u00f3vel na banda dos 800MHz.<br \/>\n<\/strong>A propaga\u00e7\u00e3o do sinal desta frequ\u00eancia n\u00e3o \u00e9 t\u00e3o exigente do ponto de vista da infra-estrutura necess\u00e1ria para proporcionar cobertura m\u00f3vel alargada, comparativamente com as bandas de frequ\u00eancia mais elevada, o que significa que a banda larga m\u00f3vel pode ser disponibilizada \u00e0s \u00e1reas rurais a pre\u00e7os mais acess\u00edveis, de acordo com informa\u00e7\u00f5es da GSM Association. Esta banda tamb\u00e9m proporciona melhor cobertura no interior do que os actuais servi\u00e7os 3G.\u00a0 <a href=\"http:\/\/www.computerworld.com.pt\/2010\/05\/09\/europa-adopta-regras-para-a-banda-larga-rural\/\" target=\"_blank\">Mais&#8230;<\/a><\/p>\n<\/td>\n<\/tr>\n<\/tbody>\n<\/table>\n<p><br class=\"spacer_\" \/><\/p>\n","protected":false},"excerpt":{"rendered":"<p>A CE anunciou a uniformiza\u00e7\u00e3o das regras t\u00e9cnicas da banda larga m\u00f3vel na banda dos 800MHz. A propaga\u00e7\u00e3o do sinal desta frequ\u00eancia n\u00e3o \u00e9 t\u00e3o exigente do ponto de vista da infra-estrutura necess\u00e1ria para proporcionar cobertura m\u00f3vel alargada, comparativamente com as bandas de frequ\u00eancia mais elevada, o que significa que a banda larga m\u00f3vel pode [&hellip;]<\/p>\n","protected":false},"author":1,"featured_media":0,"comment_status":"closed","ping_status":"closed","sticky":false,"template":"","format":"standard","meta":{"footnotes":""},"categories":[15],"tags":[769,34,1033],"class_list":["post-2748","post","type-post","status-publish","format-standard","hentry","category-tic-mais","tag-banda-larga","tag-internet","tag-zonas-rurais"],"_links":{"self":[{"href":"https:\/\/www.ticmais.pt\/index.php?rest_route=\/wp\/v2\/posts\/2748","targetHints":{"allow":["GET"]}}],"collection":[{"href":"https:\/\/www.ticmais.pt\/index.php?rest_route=\/wp\/v2\/posts"}],"about":[{"href":"https:\/\/www.ticmais.pt\/index.php?rest_route=\/wp\/v2\/types\/post"}],"author":[{"embeddable":true,"href":"https:\/\/www.ticmais.pt\/index.php?rest_route=\/wp\/v2\/users\/1"}],"replies":[{"embeddable":true,"href":"https:\/\/www.ticmais.pt\/index.php?rest_route=%2Fwp%2Fv2%2Fcomments&post=2748"}],"version-history":[{"count":0,"href":"https:\/\/www.ticmais.pt\/index.php?rest_route=\/wp\/v2\/posts\/2748\/revisions"}],"wp:attachment":[{"href":"https:\/\/www.ticmais.pt\/index.php?rest_route=%2Fwp%2Fv2%2Fmedia&parent=2748"}],"wp:term":[{"taxonomy":"category","embeddable":true,"href":"https:\/\/www.ticmais.pt\/index.php?rest_route=%2Fwp%2Fv2%2Fcategories&post=2748"},{"taxonomy":"post_tag","embeddable":true,"href":"https:\/\/www.ticmais.pt\/index.php?rest_route=%2Fwp%2Fv2%2Ftags&post=2748"}],"curies":[{"name":"wp","href":"https:\/\/api.w.org\/{rel}","templated":true}]}}