{"id":2749,"date":"2010-05-10T16:43:28","date_gmt":"2010-05-10T15:43:28","guid":{"rendered":"http:\/\/www.ticmais.pt\/?p=2749"},"modified":"2010-05-10T16:43:28","modified_gmt":"2010-05-10T15:43:28","slug":"optimus-segue-revisao-de-tarifas-na-banda-larga-movel","status":"publish","type":"post","link":"https:\/\/www.ticmais.pt\/?p=2749","title":{"rendered":"Optimus segue revis\u00e3o de tarifas na banda larga m\u00f3vel"},"content":{"rendered":"<table style=\"width: 100%;\" border=\"0\" cellspacing=\"5\" cellpadding=\"5\" align=\"justify\">\n<tbody>\n<tr>\n<td width=\"160\" valign=\"top\">\n<p><img decoding=\"async\" src=\"\/\/www.ticmais.pt\/ticmais\/imagens\/Optimus%20segue%20revisao%20de%20tarifas%20na%20banda%20larga%20movel.jpg\" alt=\"\" \/><\/p>\n<\/td>\n<td valign=\"top\">\n<p style=\"text-align: justify;\">Como n\u00e3o h\u00e1 duas sem tr\u00eas no mercado das comunica\u00e7\u00f5es m\u00f3veis a Optimus juntou-se \u00e0 Vodafone e \u00e0 TMN e reviu os seus tarif\u00e1rios de acesso \u00e0 Internet m\u00f3vel no PC. Ganha o consumidor que passou a ter pre\u00e7os mais baixos nos tr\u00eas casos. <a href=\"http:\/\/tek.sapo.pt\/noticias\/telecomunicacoes\/optimus_segue_revisao_de_tarifas_na_banda_lar_1063985.html\" target=\"_blank\">Mais&#8230;<br \/>\n<\/a>\u00a0<\/p>\n<\/td>\n<\/tr>\n<\/tbody>\n<\/table>\n<p><br class=\"spacer_\" \/><\/p>\n","protected":false},"excerpt":{"rendered":"<p>Como n\u00e3o h\u00e1 duas sem tr\u00eas no mercado das comunica\u00e7\u00f5es m\u00f3veis a Optimus juntou-se \u00e0 Vodafone e \u00e0 TMN e reviu os seus tarif\u00e1rios de acesso \u00e0 Internet m\u00f3vel no PC. Ganha o consumidor que passou a ter pre\u00e7os mais baixos nos tr\u00eas casos. Mais&#8230; \u00a0<\/p>\n","protected":false},"author":1,"featured_media":0,"comment_status":"closed","ping_status":"closed","sticky":false,"template":"","format":"standard","meta":{"footnotes":""},"categories":[15],"tags":[769,897,357,405,35,176,112],"class_list":["post-2749","post","type-post","status-publish","format-standard","hentry","category-tic-mais","tag-banda-larga","tag-operadoras","tag-optimus","tag-tarifarios","tag-telecomunicacoes","tag-tmn","tag-vodafone"],"_links":{"self":[{"href":"https:\/\/www.ticmais.pt\/index.php?rest_route=\/wp\/v2\/posts\/2749","targetHints":{"allow":["GET"]}}],"collection":[{"href":"https:\/\/www.ticmais.pt\/index.php?rest_route=\/wp\/v2\/posts"}],"about":[{"href":"https:\/\/www.ticmais.pt\/index.php?rest_route=\/wp\/v2\/types\/post"}],"author":[{"embeddable":true,"href":"https:\/\/www.ticmais.pt\/index.php?rest_route=\/wp\/v2\/users\/1"}],"replies":[{"embeddable":true,"href":"https:\/\/www.ticmais.pt\/index.php?rest_route=%2Fwp%2Fv2%2Fcomments&post=2749"}],"version-history":[{"count":0,"href":"https:\/\/www.ticmais.pt\/index.php?rest_route=\/wp\/v2\/posts\/2749\/revisions"}],"wp:attachment":[{"href":"https:\/\/www.ticmais.pt\/index.php?rest_route=%2Fwp%2Fv2%2Fmedia&parent=2749"}],"wp:term":[{"taxonomy":"category","embeddable":true,"href":"https:\/\/www.ticmais.pt\/index.php?rest_route=%2Fwp%2Fv2%2Fcategories&post=2749"},{"taxonomy":"post_tag","embeddable":true,"href":"https:\/\/www.ticmais.pt\/index.php?rest_route=%2Fwp%2Fv2%2Ftags&post=2749"}],"curies":[{"name":"wp","href":"https:\/\/api.w.org\/{rel}","templated":true}]}}