{"id":2771,"date":"2010-05-14T15:38:32","date_gmt":"2010-05-14T14:38:32","guid":{"rendered":"http:\/\/www.ticmais.pt\/?p=2771"},"modified":"2010-05-14T15:38:32","modified_gmt":"2010-05-14T14:38:32","slug":"abriu-a-epoca-festival","status":"publish","type":"post","link":"https:\/\/www.ticmais.pt\/?p=2771","title":{"rendered":"Abriu a \u00e9poca (f)estival"},"content":{"rendered":"<table style=\"width: 100%;\" border=\"0\" cellspacing=\"5\" cellpadding=\"5\" align=\"justify\">\n<tbody>\n<tr>\n<td width=\"160\" valign=\"top\">\n<p><img decoding=\"async\" src=\"\/\/www.ticmais.pt\/ticmais\/imagens\/Abriu%20a%20epoca%20festival.jpg\" alt=\"\" \/><\/p>\n<\/td>\n<td valign=\"top\">\n<p style=\"text-align: justify;\">O Ver\u00e3o est\u00e1 a chegar. Pode at\u00e9 nem se dar por ele, mas o calend\u00e1rio \u00e9 como o algod\u00e3o: n\u00e3o engana &#8211; e j\u00e1 entrou na recta da meta para os festivais de m\u00fasica. O primeiro \u00e9 o Rock in Rio e come\u00e7a dentro de uma semana.\u00a0 <a href=\"http:\/\/tek.sapo.pt\/extras\/montra\/montra_tek_abriu_a_epoca_f_estival_1064884.html\" target=\"_blank\">Mais&#8230;<\/a><\/p>\n<\/td>\n<\/tr>\n<\/tbody>\n<\/table>\n<p><br class=\"spacer_\" \/><\/p>\n","protected":false},"excerpt":{"rendered":"<p>O Ver\u00e3o est\u00e1 a chegar. Pode at\u00e9 nem se dar por ele, mas o calend\u00e1rio \u00e9 como o algod\u00e3o: n\u00e3o engana &#8211; e j\u00e1 entrou na recta da meta para os festivais de m\u00fasica. O primeiro \u00e9 o Rock in Rio e come\u00e7a dentro de uma semana.\u00a0 Mais&#8230;<\/p>\n","protected":false},"author":1,"featured_media":0,"comment_status":"closed","ping_status":"closed","sticky":false,"template":"","format":"standard","meta":{"footnotes":""},"categories":[15],"tags":[488,137],"class_list":["post-2771","post","type-post","status-publish","format-standard","hentry","category-tic-mais","tag-festival","tag-musica"],"_links":{"self":[{"href":"https:\/\/www.ticmais.pt\/index.php?rest_route=\/wp\/v2\/posts\/2771","targetHints":{"allow":["GET"]}}],"collection":[{"href":"https:\/\/www.ticmais.pt\/index.php?rest_route=\/wp\/v2\/posts"}],"about":[{"href":"https:\/\/www.ticmais.pt\/index.php?rest_route=\/wp\/v2\/types\/post"}],"author":[{"embeddable":true,"href":"https:\/\/www.ticmais.pt\/index.php?rest_route=\/wp\/v2\/users\/1"}],"replies":[{"embeddable":true,"href":"https:\/\/www.ticmais.pt\/index.php?rest_route=%2Fwp%2Fv2%2Fcomments&post=2771"}],"version-history":[{"count":0,"href":"https:\/\/www.ticmais.pt\/index.php?rest_route=\/wp\/v2\/posts\/2771\/revisions"}],"wp:attachment":[{"href":"https:\/\/www.ticmais.pt\/index.php?rest_route=%2Fwp%2Fv2%2Fmedia&parent=2771"}],"wp:term":[{"taxonomy":"category","embeddable":true,"href":"https:\/\/www.ticmais.pt\/index.php?rest_route=%2Fwp%2Fv2%2Fcategories&post=2771"},{"taxonomy":"post_tag","embeddable":true,"href":"https:\/\/www.ticmais.pt\/index.php?rest_route=%2Fwp%2Fv2%2Ftags&post=2771"}],"curies":[{"name":"wp","href":"https:\/\/api.w.org\/{rel}","templated":true}]}}