{"id":2795,"date":"2010-05-26T09:45:38","date_gmt":"2010-05-26T08:45:38","guid":{"rendered":"http:\/\/www.ticmais.pt\/?p=2795"},"modified":"2010-05-26T09:45:38","modified_gmt":"2010-05-26T08:45:38","slug":"novos-magalhaes-esperados-em-junho-nas-escolas","status":"publish","type":"post","link":"https:\/\/www.ticmais.pt\/?p=2795","title":{"rendered":"Magalh\u00e3es pouco usado em muitas escolas"},"content":{"rendered":"<table style=\"width: 100%;\" border=\"0\" cellspacing=\"5\" cellpadding=\"5\" align=\"justify\">\n<tbody>\n<tr>\n<td style=\"text-align: justify;\" width=\"160\" valign=\"top\">\n<p><img decoding=\"async\" src=\"\/\/www.ticmais.pt\/ticmais\/imagens\/O-Magalhaes-ca-e-la.jpg\" alt=\"\" \/><\/p>\n<\/td>\n<td style=\"text-align: justify;\" valign=\"top\">\n<p>Prestes a finalizar-se o primeiro ano lectivo do Magalh\u00e3es em pleno, uma ronda por escolas do pa\u00eds demonstra que a sua utiliza\u00e7\u00e3o ainda \u00e9 muito err\u00e1tica. Se algumas o utilizam com frequ\u00eancia, outras j\u00e1 o puseram praticamente de lado. Os motivos variam. <a href=\"http:\/\/jn.sapo.pt\/PaginaInicial\/Sociedade\/Interior.aspx?content_id=1578316\" target=\"_blank\">Mais&#8230;<\/a><\/p>\n<p style=\"text-align: justify;\">Not\u00edcias relacionadas:<br \/>\n<a href=\"http:\/\/tek.sapo.pt\/noticias\/computadores\/magalhaes_so_para_o_ano_1067535.html\" target=\"_blank\">Magalh\u00e3e s\u00f3 para o ano<\/a><\/p>\n<\/td>\n<\/tr>\n<\/tbody>\n<\/table>\n<p><br class=\"spacer_\" \/><\/p>\n","protected":false},"excerpt":{"rendered":"<p>Prestes a finalizar-se o primeiro ano lectivo do Magalh\u00e3es em pleno, uma ronda por escolas do pa\u00eds demonstra que a sua utiliza\u00e7\u00e3o ainda \u00e9 muito err\u00e1tica. Se algumas o utilizam com frequ\u00eancia, outras j\u00e1 o puseram praticamente de lado. Os motivos variam. Mais&#8230; Not\u00edcias relacionadas: Magalh\u00e3e s\u00f3 para o ano<\/p>\n","protected":false},"author":1,"featured_media":0,"comment_status":"closed","ping_status":"closed","sticky":false,"template":"","format":"standard","meta":{"footnotes":""},"categories":[15],"tags":[63,20,64],"class_list":["post-2795","post","type-post","status-publish","format-standard","hentry","category-tic-mais","tag-e-escolinha","tag-ensino","tag-magalhaes"],"_links":{"self":[{"href":"https:\/\/www.ticmais.pt\/index.php?rest_route=\/wp\/v2\/posts\/2795","targetHints":{"allow":["GET"]}}],"collection":[{"href":"https:\/\/www.ticmais.pt\/index.php?rest_route=\/wp\/v2\/posts"}],"about":[{"href":"https:\/\/www.ticmais.pt\/index.php?rest_route=\/wp\/v2\/types\/post"}],"author":[{"embeddable":true,"href":"https:\/\/www.ticmais.pt\/index.php?rest_route=\/wp\/v2\/users\/1"}],"replies":[{"embeddable":true,"href":"https:\/\/www.ticmais.pt\/index.php?rest_route=%2Fwp%2Fv2%2Fcomments&post=2795"}],"version-history":[{"count":0,"href":"https:\/\/www.ticmais.pt\/index.php?rest_route=\/wp\/v2\/posts\/2795\/revisions"}],"wp:attachment":[{"href":"https:\/\/www.ticmais.pt\/index.php?rest_route=%2Fwp%2Fv2%2Fmedia&parent=2795"}],"wp:term":[{"taxonomy":"category","embeddable":true,"href":"https:\/\/www.ticmais.pt\/index.php?rest_route=%2Fwp%2Fv2%2Fcategories&post=2795"},{"taxonomy":"post_tag","embeddable":true,"href":"https:\/\/www.ticmais.pt\/index.php?rest_route=%2Fwp%2Fv2%2Ftags&post=2795"}],"curies":[{"name":"wp","href":"https:\/\/api.w.org\/{rel}","templated":true}]}}