{"id":2800,"date":"2010-05-24T22:38:59","date_gmt":"2010-05-24T21:38:59","guid":{"rendered":"http:\/\/www.ticmais.pt\/?p=2800"},"modified":"2010-05-24T22:38:59","modified_gmt":"2010-05-24T21:38:59","slug":"parlamento-europeu-vai-gastar-5-milhoes-em-ipads","status":"publish","type":"post","link":"https:\/\/www.ticmais.pt\/?p=2800","title":{"rendered":"Parlamento Europeu vai gastar 5 milh\u00f5es em iPads"},"content":{"rendered":"<table style=\"width: 100%;\" border=\"0\" cellspacing=\"5\" cellpadding=\"5\" align=\"justify\">\n<tbody>\n<tr>\n<td width=\"160\" valign=\"top\">\n<p><img decoding=\"async\" src=\"\/\/www.ticmais.pt\/ticmais\/imagens\/Parlamento%20Europeu%20vai%20gastar%205%20milhoes%20em%20iPads.jpg\" alt=\"\" \/><\/p>\n<\/td>\n<td valign=\"top\">\n<p style=\"text-align: justify;\">Mais de 730 eurodeputados v\u00e3o receber, sem qualquer custo, o <em>tablet<\/em> da Apple. Mas j\u00e1 h\u00e1 pol\u00edticos que est\u00e3o contra, por ser uma compra \u00abdesnecess\u00e1ria\u00bb em altura de crise. <a href=\"http:\/\/www.agenciafinanceira.iol.pt\/economia\/ipad-parlamento-europeu-apple-eurodeputados-crise-agencia-financeira\/1165150-1730.html\" target=\"_blank\">Mais&#8230;<\/a>\u00a0<\/p>\n<\/td>\n<\/tr>\n<\/tbody>\n<\/table>\n<p><br class=\"spacer_\" \/><\/p>\n","protected":false},"excerpt":{"rendered":"<p>Mais de 730 eurodeputados v\u00e3o receber, sem qualquer custo, o tablet da Apple. Mas j\u00e1 h\u00e1 pol\u00edticos que est\u00e3o contra, por ser uma compra \u00abdesnecess\u00e1ria\u00bb em altura de crise. Mais&#8230;\u00a0<\/p>\n","protected":false},"author":1,"featured_media":0,"comment_status":"closed","ping_status":"closed","sticky":false,"template":"","format":"standard","meta":{"footnotes":""},"categories":[15],"tags":[245,1084,728,202,248],"class_list":["post-2800","post","type-post","status-publish","format-standard","hentry","category-tic-mais","tag-crise","tag-eurodeputados","tag-ipad","tag-mobilidade","tag-parlamento-europeu"],"_links":{"self":[{"href":"https:\/\/www.ticmais.pt\/index.php?rest_route=\/wp\/v2\/posts\/2800","targetHints":{"allow":["GET"]}}],"collection":[{"href":"https:\/\/www.ticmais.pt\/index.php?rest_route=\/wp\/v2\/posts"}],"about":[{"href":"https:\/\/www.ticmais.pt\/index.php?rest_route=\/wp\/v2\/types\/post"}],"author":[{"embeddable":true,"href":"https:\/\/www.ticmais.pt\/index.php?rest_route=\/wp\/v2\/users\/1"}],"replies":[{"embeddable":true,"href":"https:\/\/www.ticmais.pt\/index.php?rest_route=%2Fwp%2Fv2%2Fcomments&post=2800"}],"version-history":[{"count":0,"href":"https:\/\/www.ticmais.pt\/index.php?rest_route=\/wp\/v2\/posts\/2800\/revisions"}],"wp:attachment":[{"href":"https:\/\/www.ticmais.pt\/index.php?rest_route=%2Fwp%2Fv2%2Fmedia&parent=2800"}],"wp:term":[{"taxonomy":"category","embeddable":true,"href":"https:\/\/www.ticmais.pt\/index.php?rest_route=%2Fwp%2Fv2%2Fcategories&post=2800"},{"taxonomy":"post_tag","embeddable":true,"href":"https:\/\/www.ticmais.pt\/index.php?rest_route=%2Fwp%2Fv2%2Ftags&post=2800"}],"curies":[{"name":"wp","href":"https:\/\/api.w.org\/{rel}","templated":true}]}}