{"id":2802,"date":"2010-05-25T11:45:52","date_gmt":"2010-05-25T10:45:52","guid":{"rendered":"http:\/\/www.ticmais.pt\/?p=2802"},"modified":"2010-05-25T11:45:52","modified_gmt":"2010-05-25T10:45:52","slug":"crise-e-cortes-na-despesa-penaliza-sector-energias-renovaveis-na-europa","status":"publish","type":"post","link":"https:\/\/www.ticmais.pt\/?p=2802","title":{"rendered":"Crise e Cortes na Despesa penaliza Sector Energias Renovaveis na Europa"},"content":{"rendered":"<table style=\"width: 100%;\" border=\"0\" cellspacing=\"5\" cellpadding=\"5\" align=\"justify\">\n<tbody>\n<tr>\n<td valign=\"top\" width=\"160\"><img decoding=\"async\" src=\"\/\/www.ticmais.pt\/ticmais\/imagens\/Crise%20e%20Cortes%20na%20Despesa%20penaliza%20Sector%20Energias%20Renovaveis%20na%20Europa.jpg\" alt=\"\" \/><\/td>\n<td valign=\"top\">\n<p style=\"text-align: justify;\">O sector, que \u00e9 um dos mais dependentes do financiamento p\u00fablico \u00e9 um dos primeiros a sofrer o impacto dos cortes na despesa e da necessidade de os governos aumentarem a sua receita fiscal. <a href=\"http:\/\/www.portal-energia.com\/crise-e-cortes-na-despesa-penaliza-sector-energias-renovaveis-na-europa\/\" target=\"_blank\">Mais&#8230;<\/a><\/p>\n<\/td>\n<\/tr>\n<\/tbody>\n<\/table>\n<p>&nbsp;<\/p>\n","protected":false},"excerpt":{"rendered":"<p>O sector, que \u00e9 um dos mais dependentes do financiamento p\u00fablico \u00e9 um dos primeiros a sofrer o impacto dos cortes na despesa e da necessidade de os governos aumentarem a sua receita fiscal. Mais&#8230; &nbsp;<\/p>\n","protected":false},"author":1,"featured_media":0,"comment_status":"closed","ping_status":"closed","sticky":false,"template":"","format":"standard","meta":{"footnotes":""},"categories":[15],"tags":[245,26],"class_list":["post-2802","post","type-post","status-publish","format-standard","hentry","category-tic-mais","tag-crise","tag-energias-renovaveis"],"_links":{"self":[{"href":"https:\/\/www.ticmais.pt\/index.php?rest_route=\/wp\/v2\/posts\/2802","targetHints":{"allow":["GET"]}}],"collection":[{"href":"https:\/\/www.ticmais.pt\/index.php?rest_route=\/wp\/v2\/posts"}],"about":[{"href":"https:\/\/www.ticmais.pt\/index.php?rest_route=\/wp\/v2\/types\/post"}],"author":[{"embeddable":true,"href":"https:\/\/www.ticmais.pt\/index.php?rest_route=\/wp\/v2\/users\/1"}],"replies":[{"embeddable":true,"href":"https:\/\/www.ticmais.pt\/index.php?rest_route=%2Fwp%2Fv2%2Fcomments&post=2802"}],"version-history":[{"count":0,"href":"https:\/\/www.ticmais.pt\/index.php?rest_route=\/wp\/v2\/posts\/2802\/revisions"}],"wp:attachment":[{"href":"https:\/\/www.ticmais.pt\/index.php?rest_route=%2Fwp%2Fv2%2Fmedia&parent=2802"}],"wp:term":[{"taxonomy":"category","embeddable":true,"href":"https:\/\/www.ticmais.pt\/index.php?rest_route=%2Fwp%2Fv2%2Fcategories&post=2802"},{"taxonomy":"post_tag","embeddable":true,"href":"https:\/\/www.ticmais.pt\/index.php?rest_route=%2Fwp%2Fv2%2Ftags&post=2802"}],"curies":[{"name":"wp","href":"https:\/\/api.w.org\/{rel}","templated":true}]}}