{"id":2827,"date":"2010-06-03T15:30:38","date_gmt":"2010-06-03T14:30:38","guid":{"rendered":"http:\/\/www.ticmais.pt\/?p=2827"},"modified":"2010-06-03T15:30:38","modified_gmt":"2010-06-03T14:30:38","slug":"14-dos-portugueses-ja-usa-quatro-servicos-de-telecomunicacoes","status":"publish","type":"post","link":"https:\/\/www.ticmais.pt\/?p=2827","title":{"rendered":"1\/4 dos portugueses j\u00e1 usa quatro servi\u00e7os de telecomunica\u00e7\u00f5es"},"content":{"rendered":"<table style=\"width: 100%;\" border=\"0\" cellspacing=\"5\" cellpadding=\"5\" align=\"justify\">\n<tbody>\n<tr>\n<td width=\"160\" valign=\"top\">\n<p><img decoding=\"async\" src=\"\/\/www.ticmais.pt\/ticmais\/imagens\/Um%20quarto%20dos%20portugueses%20ja%20usa%20quatro%20servicos%20de%20telecomunicacoes.jpg\" alt=\"\" \/><\/p>\n<\/td>\n<td valign=\"top\">\n<p style=\"text-align: justify;\">S\u00e3o cada vez menos os portugueses sem nenhum servi\u00e7o de telecomunica\u00e7\u00f5es contratado e 24,4% j\u00e1 subscrevem quatro ou mais servi\u00e7os: voz fixa e m\u00f3vel, Internet fixa e m\u00f3vel e televis\u00e3o, diz a Anacom. <a href=\"http:\/\/tek.sapo.pt\/noticias\/telecomunicacoes\/1_4_dos_portugueses_ja_usa_quatro_servicos_de_1068884.html\" target=\"_blank\">Mais&#8230;<\/a><\/p>\n<\/td>\n<\/tr>\n<\/tbody>\n<\/table>\n<p><br class=\"spacer_\" \/><\/p>\n","protected":false},"excerpt":{"rendered":"<p>S\u00e3o cada vez menos os portugueses sem nenhum servi\u00e7o de telecomunica\u00e7\u00f5es contratado e 24,4% j\u00e1 subscrevem quatro ou mais servi\u00e7os: voz fixa e m\u00f3vel, Internet fixa e m\u00f3vel e televis\u00e3o, diz a Anacom. Mais&#8230;<\/p>\n","protected":false},"author":1,"featured_media":0,"comment_status":"closed","ping_status":"closed","sticky":false,"template":"","format":"standard","meta":{"footnotes":""},"categories":[15],"tags":[34,897,1119,35,704,166],"class_list":["post-2827","post","type-post","status-publish","format-standard","hentry","category-tic-mais","tag-internet","tag-operadoras","tag-portu","tag-telecomunicacoes","tag-telefone","tag-televisao"],"_links":{"self":[{"href":"https:\/\/www.ticmais.pt\/index.php?rest_route=\/wp\/v2\/posts\/2827","targetHints":{"allow":["GET"]}}],"collection":[{"href":"https:\/\/www.ticmais.pt\/index.php?rest_route=\/wp\/v2\/posts"}],"about":[{"href":"https:\/\/www.ticmais.pt\/index.php?rest_route=\/wp\/v2\/types\/post"}],"author":[{"embeddable":true,"href":"https:\/\/www.ticmais.pt\/index.php?rest_route=\/wp\/v2\/users\/1"}],"replies":[{"embeddable":true,"href":"https:\/\/www.ticmais.pt\/index.php?rest_route=%2Fwp%2Fv2%2Fcomments&post=2827"}],"version-history":[{"count":0,"href":"https:\/\/www.ticmais.pt\/index.php?rest_route=\/wp\/v2\/posts\/2827\/revisions"}],"wp:attachment":[{"href":"https:\/\/www.ticmais.pt\/index.php?rest_route=%2Fwp%2Fv2%2Fmedia&parent=2827"}],"wp:term":[{"taxonomy":"category","embeddable":true,"href":"https:\/\/www.ticmais.pt\/index.php?rest_route=%2Fwp%2Fv2%2Fcategories&post=2827"},{"taxonomy":"post_tag","embeddable":true,"href":"https:\/\/www.ticmais.pt\/index.php?rest_route=%2Fwp%2Fv2%2Ftags&post=2827"}],"curies":[{"name":"wp","href":"https:\/\/api.w.org\/{rel}","templated":true}]}}