{"id":2837,"date":"2010-06-05T02:15:56","date_gmt":"2010-06-05T01:15:56","guid":{"rendered":"http:\/\/www.ticmais.pt\/?p=2837"},"modified":"2010-06-05T02:15:56","modified_gmt":"2010-06-05T01:15:56","slug":"preco-e-autonomia-ameacam-sucesso-dos-carros-electricos","status":"publish","type":"post","link":"https:\/\/www.ticmais.pt\/?p=2837","title":{"rendered":"Pre\u00e7o e autonomia amea\u00e7am sucesso dos carros el\u00e9ctricos"},"content":{"rendered":"<table style=\"width: 100%;\" border=\"0\" cellspacing=\"5\" cellpadding=\"5\" align=\"justify\">\n<tbody>\n<tr>\n<td width=\"160\" valign=\"top\">\n<p><img decoding=\"async\" src=\"\/\/www.ticmais.pt\/ticmais\/imagens\/Preco%20e%20autonomia%20ameacam%20sucesso%20dos%20carros%20electricos.jpg\" alt=\"\" \/><\/p>\n<\/td>\n<td valign=\"top\">\n<p style=\"text-align: justify;\">Os primeiros carros el\u00e9ctricos chegam a Portugal j\u00e1 este ano e prometem ser uma op\u00e7\u00e3o mais amiga do ambiente e econ\u00f3mica.\u00a0 No entanto, os modelos at\u00e9 agora apresentados s\u00e3o mais caros &#8211; custam na ordem dos 30 mil euros &#8211; e a autonomia em estrada \u00e9 muito baixa.\u00a0<a href=\"http:\/\/economico.sapo.pt\/noticias\/preco-e-autonomia-ameacam-sucesso-dos-carros-electricos_91479.html\" target=\"_blank\">Mais&#8230;<\/a><\/p>\n<\/td>\n<\/tr>\n<\/tbody>\n<\/table>\n<p><br class=\"spacer_\" \/><\/p>\n","protected":false},"excerpt":{"rendered":"<p>Os primeiros carros el\u00e9ctricos chegam a Portugal j\u00e1 este ano e prometem ser uma op\u00e7\u00e3o mais amiga do ambiente e econ\u00f3mica.\u00a0 No entanto, os modelos at\u00e9 agora apresentados s\u00e3o mais caros &#8211; custam na ordem dos 30 mil euros &#8211; e a autonomia em estrada \u00e9 muito baixa.\u00a0Mais&#8230;<\/p>\n","protected":false},"author":1,"featured_media":0,"comment_status":"closed","ping_status":"closed","sticky":false,"template":"","format":"standard","meta":{"footnotes":""},"categories":[15],"tags":[247,59],"class_list":["post-2837","post","type-post","status-publish","format-standard","hentry","category-tic-mais","tag-mercado-automovel","tag-veiculos-electricos"],"_links":{"self":[{"href":"https:\/\/www.ticmais.pt\/index.php?rest_route=\/wp\/v2\/posts\/2837","targetHints":{"allow":["GET"]}}],"collection":[{"href":"https:\/\/www.ticmais.pt\/index.php?rest_route=\/wp\/v2\/posts"}],"about":[{"href":"https:\/\/www.ticmais.pt\/index.php?rest_route=\/wp\/v2\/types\/post"}],"author":[{"embeddable":true,"href":"https:\/\/www.ticmais.pt\/index.php?rest_route=\/wp\/v2\/users\/1"}],"replies":[{"embeddable":true,"href":"https:\/\/www.ticmais.pt\/index.php?rest_route=%2Fwp%2Fv2%2Fcomments&post=2837"}],"version-history":[{"count":0,"href":"https:\/\/www.ticmais.pt\/index.php?rest_route=\/wp\/v2\/posts\/2837\/revisions"}],"wp:attachment":[{"href":"https:\/\/www.ticmais.pt\/index.php?rest_route=%2Fwp%2Fv2%2Fmedia&parent=2837"}],"wp:term":[{"taxonomy":"category","embeddable":true,"href":"https:\/\/www.ticmais.pt\/index.php?rest_route=%2Fwp%2Fv2%2Fcategories&post=2837"},{"taxonomy":"post_tag","embeddable":true,"href":"https:\/\/www.ticmais.pt\/index.php?rest_route=%2Fwp%2Fv2%2Ftags&post=2837"}],"curies":[{"name":"wp","href":"https:\/\/api.w.org\/{rel}","templated":true}]}}