{"id":2845,"date":"2010-06-08T20:06:39","date_gmt":"2010-06-08T19:06:39","guid":{"rendered":"http:\/\/www.ticmais.pt\/?p=2845"},"modified":"2010-06-08T20:06:39","modified_gmt":"2010-06-08T19:06:39","slug":"o-fim-da-televisao-analogica-em-portugal","status":"publish","type":"post","link":"https:\/\/www.ticmais.pt\/?p=2845","title":{"rendered":"O fim da televis\u00e3o anal\u00f3gica em Portugal"},"content":{"rendered":"<table style=\"width: 100%;\" border=\"0\" cellspacing=\"5\" cellpadding=\"5\" align=\"justify\">\n<tbody>\n<tr>\n<td width=\"160\" valign=\"top\">\n<p><img decoding=\"async\" src=\"\/\/www.ticmais.pt\/ticmais\/imagens\/O%20fim%20da%20televisao%20analogica%20em%20Portugal.jpg\" alt=\"\" \/><\/p>\n<\/td>\n<td valign=\"top\">\n<p style=\"text-align: justify;\">O desligamento das emiss\u00f5es anal\u00f3gicas de televis\u00e3o em Portugal j\u00e1 tem data marcada e ser\u00e1 feito por etapas. Na zona litoral do continente ser\u00e1 feito a 7 de Janeiro de 2012; nas Regi\u00f5es Aut\u00f3nomas dos A\u00e7ores e Madeira a 23 de Mar\u00e7o de 2012; e na zona interior do continente a 26 de Abril de 2012. <a href=\"http:\/\/www.tecnologia.com.pt\/2010\/06\/o-fim-da-televisao-analogica-em-portugal\/\" target=\"_blank\">Mais&#8230;<\/a><\/p>\n<\/td>\n<\/tr>\n<\/tbody>\n<\/table>\n<p><br class=\"spacer_\" \/><\/p>\n","protected":false},"excerpt":{"rendered":"<p>O desligamento das emiss\u00f5es anal\u00f3gicas de televis\u00e3o em Portugal j\u00e1 tem data marcada e ser\u00e1 feito por etapas. Na zona litoral do continente ser\u00e1 feito a 7 de Janeiro de 2012; nas Regi\u00f5es Aut\u00f3nomas dos A\u00e7ores e Madeira a 23 de Mar\u00e7o de 2012; e na zona interior do continente a 26 de Abril de [&hellip;]<\/p>\n","protected":false},"author":1,"featured_media":0,"comment_status":"closed","ping_status":"closed","sticky":false,"template":"","format":"standard","meta":{"footnotes":""},"categories":[15],"tags":[132,181],"class_list":["post-2845","post","type-post","status-publish","format-standard","hentry","category-tic-mais","tag-portugal","tag-tdt"],"_links":{"self":[{"href":"https:\/\/www.ticmais.pt\/index.php?rest_route=\/wp\/v2\/posts\/2845","targetHints":{"allow":["GET"]}}],"collection":[{"href":"https:\/\/www.ticmais.pt\/index.php?rest_route=\/wp\/v2\/posts"}],"about":[{"href":"https:\/\/www.ticmais.pt\/index.php?rest_route=\/wp\/v2\/types\/post"}],"author":[{"embeddable":true,"href":"https:\/\/www.ticmais.pt\/index.php?rest_route=\/wp\/v2\/users\/1"}],"replies":[{"embeddable":true,"href":"https:\/\/www.ticmais.pt\/index.php?rest_route=%2Fwp%2Fv2%2Fcomments&post=2845"}],"version-history":[{"count":0,"href":"https:\/\/www.ticmais.pt\/index.php?rest_route=\/wp\/v2\/posts\/2845\/revisions"}],"wp:attachment":[{"href":"https:\/\/www.ticmais.pt\/index.php?rest_route=%2Fwp%2Fv2%2Fmedia&parent=2845"}],"wp:term":[{"taxonomy":"category","embeddable":true,"href":"https:\/\/www.ticmais.pt\/index.php?rest_route=%2Fwp%2Fv2%2Fcategories&post=2845"},{"taxonomy":"post_tag","embeddable":true,"href":"https:\/\/www.ticmais.pt\/index.php?rest_route=%2Fwp%2Fv2%2Ftags&post=2845"}],"curies":[{"name":"wp","href":"https:\/\/api.w.org\/{rel}","templated":true}]}}