{"id":2851,"date":"2010-06-11T02:54:19","date_gmt":"2010-06-11T01:54:19","guid":{"rendered":"http:\/\/www.ticmais.pt\/?p=2851"},"modified":"2010-06-11T02:54:19","modified_gmt":"2010-06-11T01:54:19","slug":"relatorio-final-arrasa-iniciativa-magalhaes-e-fcm","status":"publish","type":"post","link":"https:\/\/www.ticmais.pt\/?p=2851","title":{"rendered":"Relat\u00f3rio final arrasa iniciativa Magalh\u00e3es e FCM"},"content":{"rendered":"<table style=\"width: 100%;\" border=\"0\" cellspacing=\"5\" cellpadding=\"5\" align=\"justify\">\n<tbody>\n<tr>\n<td width=\"160\" valign=\"top\">\n<p><img decoding=\"async\" src=\"\/\/www.ticmais.pt\/ticmais\/imagens\/Magalhaes%20Navegador%20de%20incertezas%20.jpg\" alt=\"\" \/><\/p>\n<\/td>\n<td valign=\"top\">\n<p style=\"text-align: justify;\">Os tra\u00e7os principais do relat\u00f3rio da Comiss\u00e3o de Inqu\u00e9rito ao Magalh\u00e3es mantiveram-se na vers\u00e3o final, que foi ontem aprovada com nove votos a favor e sete contra. Exige-se agora que o Governo feche a Funda\u00e7\u00e3o criada para gerir os projectos e-escolas. <a href=\"http:\/\/tek.sapo.pt\/noticias\/computadores\/relatorio_final_arrasa_iniciativa_magalhaes_e_1070426.html\" target=\"_blank\">Mais&#8230;<\/a>\u00a0<\/p>\n<\/td>\n<\/tr>\n<\/tbody>\n<\/table>\n<p><br class=\"spacer_\" \/><\/p>\n","protected":false},"excerpt":{"rendered":"<p>Os tra\u00e7os principais do relat\u00f3rio da Comiss\u00e3o de Inqu\u00e9rito ao Magalh\u00e3es mantiveram-se na vers\u00e3o final, que foi ontem aprovada com nove votos a favor e sete contra. Exige-se agora que o Governo feche a Funda\u00e7\u00e3o criada para gerir os projectos e-escolas. Mais&#8230;\u00a0<\/p>\n","protected":false},"author":1,"featured_media":0,"comment_status":"closed","ping_status":"closed","sticky":false,"template":"","format":"standard","meta":{"footnotes":""},"categories":[15],"tags":[1155,1156,63,64],"class_list":["post-2851","post","type-post","status-publish","format-standard","hentry","category-tic-mais","tag-assembleia-da-republica","tag-comissao-de-inquerito","tag-e-escolinha","tag-magalhaes"],"_links":{"self":[{"href":"https:\/\/www.ticmais.pt\/index.php?rest_route=\/wp\/v2\/posts\/2851","targetHints":{"allow":["GET"]}}],"collection":[{"href":"https:\/\/www.ticmais.pt\/index.php?rest_route=\/wp\/v2\/posts"}],"about":[{"href":"https:\/\/www.ticmais.pt\/index.php?rest_route=\/wp\/v2\/types\/post"}],"author":[{"embeddable":true,"href":"https:\/\/www.ticmais.pt\/index.php?rest_route=\/wp\/v2\/users\/1"}],"replies":[{"embeddable":true,"href":"https:\/\/www.ticmais.pt\/index.php?rest_route=%2Fwp%2Fv2%2Fcomments&post=2851"}],"version-history":[{"count":0,"href":"https:\/\/www.ticmais.pt\/index.php?rest_route=\/wp\/v2\/posts\/2851\/revisions"}],"wp:attachment":[{"href":"https:\/\/www.ticmais.pt\/index.php?rest_route=%2Fwp%2Fv2%2Fmedia&parent=2851"}],"wp:term":[{"taxonomy":"category","embeddable":true,"href":"https:\/\/www.ticmais.pt\/index.php?rest_route=%2Fwp%2Fv2%2Fcategories&post=2851"},{"taxonomy":"post_tag","embeddable":true,"href":"https:\/\/www.ticmais.pt\/index.php?rest_route=%2Fwp%2Fv2%2Ftags&post=2851"}],"curies":[{"name":"wp","href":"https:\/\/api.w.org\/{rel}","templated":true}]}}