{"id":2899,"date":"2010-06-22T20:25:08","date_gmt":"2010-06-22T19:25:08","guid":{"rendered":"http:\/\/www.ticmais.pt\/?p=2899"},"modified":"2010-06-22T20:25:08","modified_gmt":"2010-06-22T19:25:08","slug":"ce-quer-dados-online-mais-controlados-por-internautas","status":"publish","type":"post","link":"https:\/\/www.ticmais.pt\/?p=2899","title":{"rendered":"CE quer dados online mais controlados por internautas"},"content":{"rendered":"<table style=\"width: 100%;\" border=\"0\" cellspacing=\"5\" cellpadding=\"5\" align=\"justify\">\n<tbody>\n<tr>\n<td width=\"160\" valign=\"top\">\n<p><img decoding=\"async\" src=\"\/\/www.ticmais.pt\/ticmais\/imagens\/CE%20quer%20dados%20online%20mais%20controlados%20por%20internautas%20.jpg\" alt=\"\" \/><\/p>\n<\/td>\n<td valign=\"top\">\n<p style=\"text-align: justify;\">Na altura em que se disp\u00f5e a rever a legisla\u00e7\u00e3o sobre a protec\u00e7\u00e3o de dados, a Comiss\u00e3o Europeia quer dar aos internautas o controlo efectivo sobre os dados que disponibilizam online e reflecte sobre o &#8220;direito ao esquecimento&#8221; no mundo virtual. <a href=\"http:\/\/tek.sapo.pt\/noticias\/internet\/ce_quer_dados_online_mais_controlados_por_int_1073870.html\" target=\"_blank\">Mais&#8230;<\/a><\/p>\n<\/td>\n<\/tr>\n<\/tbody>\n<\/table>\n<p><br class=\"spacer_\" \/><\/p>\n","protected":false},"excerpt":{"rendered":"<p>Na altura em que se disp\u00f5e a rever a legisla\u00e7\u00e3o sobre a protec\u00e7\u00e3o de dados, a Comiss\u00e3o Europeia quer dar aos internautas o controlo efectivo sobre os dados que disponibilizam online e reflecte sobre o &#8220;direito ao esquecimento&#8221; no mundo virtual. Mais&#8230;<\/p>\n","protected":false},"author":1,"featured_media":0,"comment_status":"closed","ping_status":"closed","sticky":false,"template":"","format":"standard","meta":{"footnotes":""},"categories":[15],"tags":[34,736,737],"class_list":["post-2899","post","type-post","status-publish","format-standard","hentry","category-tic-mais","tag-internet","tag-privacidade","tag-proteccao-de-dados"],"_links":{"self":[{"href":"https:\/\/www.ticmais.pt\/index.php?rest_route=\/wp\/v2\/posts\/2899","targetHints":{"allow":["GET"]}}],"collection":[{"href":"https:\/\/www.ticmais.pt\/index.php?rest_route=\/wp\/v2\/posts"}],"about":[{"href":"https:\/\/www.ticmais.pt\/index.php?rest_route=\/wp\/v2\/types\/post"}],"author":[{"embeddable":true,"href":"https:\/\/www.ticmais.pt\/index.php?rest_route=\/wp\/v2\/users\/1"}],"replies":[{"embeddable":true,"href":"https:\/\/www.ticmais.pt\/index.php?rest_route=%2Fwp%2Fv2%2Fcomments&post=2899"}],"version-history":[{"count":0,"href":"https:\/\/www.ticmais.pt\/index.php?rest_route=\/wp\/v2\/posts\/2899\/revisions"}],"wp:attachment":[{"href":"https:\/\/www.ticmais.pt\/index.php?rest_route=%2Fwp%2Fv2%2Fmedia&parent=2899"}],"wp:term":[{"taxonomy":"category","embeddable":true,"href":"https:\/\/www.ticmais.pt\/index.php?rest_route=%2Fwp%2Fv2%2Fcategories&post=2899"},{"taxonomy":"post_tag","embeddable":true,"href":"https:\/\/www.ticmais.pt\/index.php?rest_route=%2Fwp%2Fv2%2Ftags&post=2899"}],"curies":[{"name":"wp","href":"https:\/\/api.w.org\/{rel}","templated":true}]}}