{"id":2904,"date":"2010-06-23T12:31:26","date_gmt":"2010-06-23T11:31:26","guid":{"rendered":"http:\/\/www.ticmais.pt\/?p=2904"},"modified":"2010-06-23T12:31:26","modified_gmt":"2010-06-23T11:31:26","slug":"zon-vai-fornecer-internet-aos-autocarros-rede-nacional-expresso","status":"publish","type":"post","link":"https:\/\/www.ticmais.pt\/?p=2904","title":{"rendered":"Zon vai fornecer Internet aos autocarros Rede Nacional Expresso"},"content":{"rendered":"<table style=\"width: 100%;\" border=\"0\" cellspacing=\"5\" cellpadding=\"5\" align=\"justify\">\n<tbody>\n<tr>\n<td width=\"160\" valign=\"top\">\n<p><img decoding=\"async\" src=\"\/\/www.ticmais.pt\/ticmais\/imagens\/Zon%20vai%20fornecer%20Internet%20aos%20autocarros%20Rede%20Nacional%20Expresso.jpg\" alt=\"\" \/><\/p>\n<\/td>\n<td valign=\"top\">\n<p style=\"text-align: justify;\">A Zon vai instalar pontos de acesso \u00e0 Net nos autocarros da Rede Nacional Expresso (RNE). Al\u00e9m da Net, tamb\u00e9m vai ser transmitido um canal de televis\u00e3o para dois ecr\u00e3s de Alta Defini\u00e7\u00e3o colocados nas viaturas. <a href=\"http:\/\/aeiou.exameinformatica.pt\/zon-vai-fornecer-internet-aos-autocarros-rede-nacional-expresso=f1006474\" target=\"_blank\">Mais&#8230;<\/a><\/p>\n<\/td>\n<\/tr>\n<\/tbody>\n<\/table>\n<p><br class=\"spacer_\" \/><\/p>\n","protected":false},"excerpt":{"rendered":"<p>A Zon vai instalar pontos de acesso \u00e0 Net nos autocarros da Rede Nacional Expresso (RNE). Al\u00e9m da Net, tamb\u00e9m vai ser transmitido um canal de televis\u00e3o para dois ecr\u00e3s de Alta Defini\u00e7\u00e3o colocados nas viaturas. Mais&#8230;<\/p>\n","protected":false},"author":1,"featured_media":0,"comment_status":"closed","ping_status":"closed","sticky":false,"template":"","format":"standard","meta":{"footnotes":""},"categories":[15],"tags":[1197,1198,34,1199,166,301,110],"class_list":["post-2904","post","type-post","status-publish","format-standard","hentry","category-tic-mais","tag-autocarros","tag-expressos","tag-internet","tag-rne","tag-televisao","tag-viagens","tag-zon"],"_links":{"self":[{"href":"https:\/\/www.ticmais.pt\/index.php?rest_route=\/wp\/v2\/posts\/2904","targetHints":{"allow":["GET"]}}],"collection":[{"href":"https:\/\/www.ticmais.pt\/index.php?rest_route=\/wp\/v2\/posts"}],"about":[{"href":"https:\/\/www.ticmais.pt\/index.php?rest_route=\/wp\/v2\/types\/post"}],"author":[{"embeddable":true,"href":"https:\/\/www.ticmais.pt\/index.php?rest_route=\/wp\/v2\/users\/1"}],"replies":[{"embeddable":true,"href":"https:\/\/www.ticmais.pt\/index.php?rest_route=%2Fwp%2Fv2%2Fcomments&post=2904"}],"version-history":[{"count":0,"href":"https:\/\/www.ticmais.pt\/index.php?rest_route=\/wp\/v2\/posts\/2904\/revisions"}],"wp:attachment":[{"href":"https:\/\/www.ticmais.pt\/index.php?rest_route=%2Fwp%2Fv2%2Fmedia&parent=2904"}],"wp:term":[{"taxonomy":"category","embeddable":true,"href":"https:\/\/www.ticmais.pt\/index.php?rest_route=%2Fwp%2Fv2%2Fcategories&post=2904"},{"taxonomy":"post_tag","embeddable":true,"href":"https:\/\/www.ticmais.pt\/index.php?rest_route=%2Fwp%2Fv2%2Ftags&post=2904"}],"curies":[{"name":"wp","href":"https:\/\/api.w.org\/{rel}","templated":true}]}}