{"id":2905,"date":"2010-06-23T13:41:01","date_gmt":"2010-06-23T12:41:01","guid":{"rendered":"http:\/\/www.ticmais.pt\/?p=2905"},"modified":"2010-06-23T13:41:01","modified_gmt":"2010-06-23T12:41:01","slug":"ha-mais-ricos-no-mundo","status":"publish","type":"post","link":"https:\/\/www.ticmais.pt\/?p=2905","title":{"rendered":"H\u00e1 mais ricos no mundo"},"content":{"rendered":"<table style=\"width: 100%;\" border=\"0\" cellspacing=\"5\" cellpadding=\"5\" align=\"justify\">\n<tbody>\n<tr>\n<td width=\"160\" valign=\"top\">\n<p><img decoding=\"async\" src=\"\/\/www.ticmais.pt\/ticmais\/imagens\/Ha%20mais%20ricos%20no%20mundo.jpg\" alt=\"\" \/><\/p>\n<\/td>\n<td valign=\"top\">\n<p>A crise n\u00e3o afectou tudo e todos. De acordo com o relat\u00f3rio mundial de riqueza, o n\u00famero de pessoas com grandes fortunas cresceu 17% em 2009 e os ricos est\u00e3o ainda mais ricos. <a href=\"http:\/\/economico.sapo.pt\/noticias\/ha-mais-ricos-no-mundo_92666.html\" target=\"_blank\">Mais&#8230;<\/a><\/p>\n<p><strong>Not\u00edcias relacionadas:<\/strong><br \/>\n<a href=\"http:\/\/www.jornaldenegocios.pt\/index.php?template=SHOWNEWS&amp;id=431423\" target=\"_blank\">Soares acusa Governo de estar a fazer &#8220;ataque ao Estado social&#8221;<br \/>\n<\/a>\u201c<a href=\"http:\/\/www.jornaldenegocios.pt\/index.php?template=SHOWNEWS&amp;id=431437\" target=\"_blank\">A Alemanha \u00e9 um perigo para a Europa\u201d<\/a><\/p>\n<\/td>\n<\/tr>\n<\/tbody>\n<\/table>\n<p><br class=\"spacer_\" \/><\/p>\n","protected":false},"excerpt":{"rendered":"<p>A crise n\u00e3o afectou tudo e todos. De acordo com o relat\u00f3rio mundial de riqueza, o n\u00famero de pessoas com grandes fortunas cresceu 17% em 2009 e os ricos est\u00e3o ainda mais ricos. Mais&#8230; Not\u00edcias relacionadas: Soares acusa Governo de estar a fazer &#8220;ataque ao Estado social&#8221; \u201cA Alemanha \u00e9 um perigo para a Europa\u201d<\/p>\n","protected":false},"author":1,"featured_media":0,"comment_status":"closed","ping_status":"closed","sticky":false,"template":"","format":"standard","meta":{"footnotes":""},"categories":[15],"tags":[1200,189,1201,1202],"class_list":["post-2905","post","type-post","status-publish","format-standard","hentry","category-tic-mais","tag-desigualdades","tag-pobreza","tag-ricos","tag-riqueza"],"_links":{"self":[{"href":"https:\/\/www.ticmais.pt\/index.php?rest_route=\/wp\/v2\/posts\/2905","targetHints":{"allow":["GET"]}}],"collection":[{"href":"https:\/\/www.ticmais.pt\/index.php?rest_route=\/wp\/v2\/posts"}],"about":[{"href":"https:\/\/www.ticmais.pt\/index.php?rest_route=\/wp\/v2\/types\/post"}],"author":[{"embeddable":true,"href":"https:\/\/www.ticmais.pt\/index.php?rest_route=\/wp\/v2\/users\/1"}],"replies":[{"embeddable":true,"href":"https:\/\/www.ticmais.pt\/index.php?rest_route=%2Fwp%2Fv2%2Fcomments&post=2905"}],"version-history":[{"count":0,"href":"https:\/\/www.ticmais.pt\/index.php?rest_route=\/wp\/v2\/posts\/2905\/revisions"}],"wp:attachment":[{"href":"https:\/\/www.ticmais.pt\/index.php?rest_route=%2Fwp%2Fv2%2Fmedia&parent=2905"}],"wp:term":[{"taxonomy":"category","embeddable":true,"href":"https:\/\/www.ticmais.pt\/index.php?rest_route=%2Fwp%2Fv2%2Fcategories&post=2905"},{"taxonomy":"post_tag","embeddable":true,"href":"https:\/\/www.ticmais.pt\/index.php?rest_route=%2Fwp%2Fv2%2Ftags&post=2905"}],"curies":[{"name":"wp","href":"https:\/\/api.w.org\/{rel}","templated":true}]}}