{"id":291,"date":"2008-04-16T18:31:59","date_gmt":"2008-04-16T18:31:59","guid":{"rendered":"http:\/\/www.ticmais.pt\/index.php\/2008\/04\/16\/igov-spot-no-municipio-de-pombal\/"},"modified":"2008-04-16T18:31:59","modified_gmt":"2008-04-16T18:31:59","slug":"igov-spot-no-municipio-de-pombal","status":"publish","type":"post","link":"https:\/\/www.ticmais.pt\/?p=291","title":{"rendered":"iGOV SPOT no Munic\u00edpio de Pombal"},"content":{"rendered":"<table style=\"width: 100%;\" border=\"0\" cellspacing=\"5\" cellpadding=\"5\" align=\"justify\">\n<tbody>\n<tr>\n<td valign=\"top\" width=\"160\"><img decoding=\"async\" src=\"\/\/www.ticmais.pt\/ticmais\/imagens\/-igov-spot-no-municipio-de-pombal.jpg\" alt=\"\" border=\"0\" \/><\/td>\n<td valign=\"top\">\n<p style=\"text-align: justify;\">A convite do <a href=\"http:\/\/www.i-gov.org\/\" target=\"_blank\">iGOV<\/a>, o <strong>ticMAIS <\/strong>(Movimento de Cidadania E- Coruche),\u00a0participou, dia 17 de Abril, no Munic\u00edpio de Pombal, num evento dedicado ao tema da \u00ab<strong>Inova\u00e7\u00e3o no Atendimento Municipal<\/strong>\u00bb. Tratou-se da primeira iniciativa sob o modelo <strong>iGOV SPOT<\/strong> que, al\u00e9m das sess\u00f5es de debate e apresenta\u00e7\u00e3o do caso pr\u00e1tico de Pombal, incluiu uma visita guiada aos sistemas de informa\u00e7\u00e3o e balc\u00f5es de atendimento da autarquia, pela m\u00e3o dos respons\u00e1veis do munic\u00edpio.<\/p>\n<p><a href=\"http:\/\/www.ticmais.pt\/?p=1234\"><img decoding=\"async\" src=\"\/\/www.ticmais.pt\/ticmais\/imagens\/ticmaislogomini.png\" alt=\"\" \/><\/a><\/p>\n<\/td>\n<\/tr>\n<\/tbody>\n<\/table>\n","protected":false},"excerpt":{"rendered":"<p>A convite do iGOV, o ticMAIS (Movimento de Cidadania E- Coruche),\u00a0participou, dia 17 de Abril, no Munic\u00edpio de Pombal, num evento dedicado ao tema da \u00abInova\u00e7\u00e3o no Atendimento Municipal\u00bb. Tratou-se da primeira iniciativa sob o modelo iGOV SPOT que, al\u00e9m das sess\u00f5es de debate e apresenta\u00e7\u00e3o do caso pr\u00e1tico de Pombal, incluiu uma visita guiada [&hellip;]<\/p>\n","protected":false},"author":1,"featured_media":0,"comment_status":"open","ping_status":"open","sticky":false,"template":"","format":"standard","meta":{"footnotes":""},"categories":[15],"tags":[2,36,5,6,7,8,10,11,12,13,14,19,16],"class_list":["post-291","post","type-post","status-publish","format-standard","hentry","category-tic-mais","tag-antonio-pinheiro-da-costa","tag-camaras-municipais","tag-cidadania","tag-coruche","tag-egov","tag-inclusao-digital","tag-movimentos-civicos","tag-movimento-de-cidadania","tag-municipios","tag-poder-local","tag-simplex","tag-sociedade-do-conhecinentoda-informacao","tag-ticmais"],"_links":{"self":[{"href":"https:\/\/www.ticmais.pt\/index.php?rest_route=\/wp\/v2\/posts\/291","targetHints":{"allow":["GET"]}}],"collection":[{"href":"https:\/\/www.ticmais.pt\/index.php?rest_route=\/wp\/v2\/posts"}],"about":[{"href":"https:\/\/www.ticmais.pt\/index.php?rest_route=\/wp\/v2\/types\/post"}],"author":[{"embeddable":true,"href":"https:\/\/www.ticmais.pt\/index.php?rest_route=\/wp\/v2\/users\/1"}],"replies":[{"embeddable":true,"href":"https:\/\/www.ticmais.pt\/index.php?rest_route=%2Fwp%2Fv2%2Fcomments&post=291"}],"version-history":[{"count":0,"href":"https:\/\/www.ticmais.pt\/index.php?rest_route=\/wp\/v2\/posts\/291\/revisions"}],"wp:attachment":[{"href":"https:\/\/www.ticmais.pt\/index.php?rest_route=%2Fwp%2Fv2%2Fmedia&parent=291"}],"wp:term":[{"taxonomy":"category","embeddable":true,"href":"https:\/\/www.ticmais.pt\/index.php?rest_route=%2Fwp%2Fv2%2Fcategories&post=291"},{"taxonomy":"post_tag","embeddable":true,"href":"https:\/\/www.ticmais.pt\/index.php?rest_route=%2Fwp%2Fv2%2Ftags&post=291"}],"curies":[{"name":"wp","href":"https:\/\/api.w.org\/{rel}","templated":true}]}}