{"id":2916,"date":"2010-06-27T01:46:23","date_gmt":"2010-06-27T00:46:23","guid":{"rendered":"http:\/\/www.ticmais.pt\/?p=2916"},"modified":"2010-06-27T01:46:23","modified_gmt":"2010-06-27T00:46:23","slug":"solar-strap-um-conceito-para-carregar-a-camara-e-a-bateria","status":"publish","type":"post","link":"https:\/\/www.ticmais.pt\/?p=2916","title":{"rendered":"Solar Strap, Um Conceito para Carregar a C\u00e2mara e a Bateria"},"content":{"rendered":"<table style=\"width: 100%;\" border=\"0\" cellspacing=\"5\" cellpadding=\"5\" align=\"justify\">\n<tbody>\n<tr>\n<td width=\"160\" valign=\"top\">\n<p><img decoding=\"async\" src=\"\/\/www.ticmais.pt\/ticmais\/imagens\/Solar%20Strap%20Um%20Conceito%20para%20Carregar%20a%20Camara%20e%20a%20Bateria.jpg\" alt=\"\" \/><\/p>\n<\/td>\n<td valign=\"top\">\n<p style=\"text-align: justify;\">Al\u00e9m de deixar a sua c\u00e2mara segura, a Solar Strap ainda mant\u00e9m a bateria carregada atrav\u00e9s de pain\u00e9is solares, o que seria perfeito para fot\u00f3grafos que trabalham o dia inteiro sob a luz do sol. Uma solu\u00e7\u00e3o simples e pr\u00e1tica. <a href=\"http:\/\/digitaldrops.com.br\/drops\/2010\/06\/solar-strap-um-conceito-para-carregar-a-camera-e-a-bateria.html\" target=\"_blank\">Mais&#8230;<\/a><\/p>\n<\/td>\n<\/tr>\n<\/tbody>\n<\/table>\n<p><br class=\"spacer_\" \/><\/p>\n","protected":false},"excerpt":{"rendered":"<p>Al\u00e9m de deixar a sua c\u00e2mara segura, a Solar Strap ainda mant\u00e9m a bateria carregada atrav\u00e9s de pain\u00e9is solares, o que seria perfeito para fot\u00f3grafos que trabalham o dia inteiro sob a luz do sol. Uma solu\u00e7\u00e3o simples e pr\u00e1tica. Mais&#8230;<\/p>\n","protected":false},"author":1,"featured_media":0,"comment_status":"closed","ping_status":"closed","sticky":false,"template":"","format":"standard","meta":{"footnotes":""},"categories":[15],"tags":[184,446,332,921],"class_list":["post-2916","post","type-post","status-publish","format-standard","hentry","category-tic-mais","tag-baterias","tag-camaras-digitais","tag-carregadores","tag-paineis-solares"],"_links":{"self":[{"href":"https:\/\/www.ticmais.pt\/index.php?rest_route=\/wp\/v2\/posts\/2916","targetHints":{"allow":["GET"]}}],"collection":[{"href":"https:\/\/www.ticmais.pt\/index.php?rest_route=\/wp\/v2\/posts"}],"about":[{"href":"https:\/\/www.ticmais.pt\/index.php?rest_route=\/wp\/v2\/types\/post"}],"author":[{"embeddable":true,"href":"https:\/\/www.ticmais.pt\/index.php?rest_route=\/wp\/v2\/users\/1"}],"replies":[{"embeddable":true,"href":"https:\/\/www.ticmais.pt\/index.php?rest_route=%2Fwp%2Fv2%2Fcomments&post=2916"}],"version-history":[{"count":0,"href":"https:\/\/www.ticmais.pt\/index.php?rest_route=\/wp\/v2\/posts\/2916\/revisions"}],"wp:attachment":[{"href":"https:\/\/www.ticmais.pt\/index.php?rest_route=%2Fwp%2Fv2%2Fmedia&parent=2916"}],"wp:term":[{"taxonomy":"category","embeddable":true,"href":"https:\/\/www.ticmais.pt\/index.php?rest_route=%2Fwp%2Fv2%2Fcategories&post=2916"},{"taxonomy":"post_tag","embeddable":true,"href":"https:\/\/www.ticmais.pt\/index.php?rest_route=%2Fwp%2Fv2%2Ftags&post=2916"}],"curies":[{"name":"wp","href":"https:\/\/api.w.org\/{rel}","templated":true}]}}