{"id":2939,"date":"2010-07-06T10:12:07","date_gmt":"2010-07-06T09:12:07","guid":{"rendered":"http:\/\/www.ticmais.pt\/?p=2939"},"modified":"2010-07-06T10:12:07","modified_gmt":"2010-07-06T09:12:07","slug":"reguladores-europeus-podem-forcar-apple-a-abandonar-certas-limitacoes-do-ios-sdk","status":"publish","type":"post","link":"https:\/\/www.ticmais.pt\/?p=2939","title":{"rendered":"Reguladores europeus podem for\u00e7ar Apple a abandonar certas limita\u00e7\u00f5es do iOS SDK"},"content":{"rendered":"<table style=\"width: 100%;\" border=\"0\" cellspacing=\"5\" cellpadding=\"5\" align=\"justify\">\n<tbody>\n<tr>\n<td width=\"160\" valign=\"top\">\n<p><img decoding=\"async\" src=\"\/\/www.ticmais.pt\/ticmais\/imagens\/Reguladores%20europeus%20podem%20forcar%20Apple%20a%20abandonar%20certas%20limitacoes%20do%20iOS%20SDK.jpg\" alt=\"\" \/><\/p>\n<\/td>\n<td valign=\"top\">\n<div style=\"text-align: justify;\">A Microsoft j\u00e1 foi alvo de in\u00fameras investiga\u00e7\u00f5es e proibi\u00e7\u00f5es por \u00f3rg\u00e3os reguladores europeus, mas agora a mira deles pode estar se virando para a Apple: Neelie Kroes, comiss\u00e1ria da Uni\u00e3o Europeia, afirmou recentemente que fabricantes \u201cn\u00e3o podem simplesmente escolher negar (certos tipos de) interoperabilidade com seus produtos\u201d. <a href=\"http:\/\/macmagazine.uol.com.br\/2010\/07\/05\/reguladores-europeus-podem-forcar-apple-a-abandonar-certas-limitacoes-do-ios-sdk\/\" target=\"_blank\">Mais&#8230;<\/a><\/div>\n<\/td>\n<\/tr>\n<\/tbody>\n<\/table>\n<p><br class=\"spacer_\" \/><\/p>\n","protected":false},"excerpt":{"rendered":"<p>A Microsoft j\u00e1 foi alvo de in\u00fameras investiga\u00e7\u00f5es e proibi\u00e7\u00f5es por \u00f3rg\u00e3os reguladores europeus, mas agora a mira deles pode estar se virando para a Apple: Neelie Kroes, comiss\u00e1ria da Uni\u00e3o Europeia, afirmou recentemente que fabricantes \u201cn\u00e3o podem simplesmente escolher negar (certos tipos de) interoperabilidade com seus produtos\u201d. Mais&#8230;<\/p>\n","protected":false},"author":1,"featured_media":0,"comment_status":"closed","ping_status":"closed","sticky":false,"template":"","format":"standard","meta":{"footnotes":""},"categories":[15],"tags":[103,432,99],"class_list":["post-2939","post","type-post","status-publish","format-standard","hentry","category-tic-mais","tag-apple","tag-regulacao","tag-uniao-europeia"],"_links":{"self":[{"href":"https:\/\/www.ticmais.pt\/index.php?rest_route=\/wp\/v2\/posts\/2939","targetHints":{"allow":["GET"]}}],"collection":[{"href":"https:\/\/www.ticmais.pt\/index.php?rest_route=\/wp\/v2\/posts"}],"about":[{"href":"https:\/\/www.ticmais.pt\/index.php?rest_route=\/wp\/v2\/types\/post"}],"author":[{"embeddable":true,"href":"https:\/\/www.ticmais.pt\/index.php?rest_route=\/wp\/v2\/users\/1"}],"replies":[{"embeddable":true,"href":"https:\/\/www.ticmais.pt\/index.php?rest_route=%2Fwp%2Fv2%2Fcomments&post=2939"}],"version-history":[{"count":0,"href":"https:\/\/www.ticmais.pt\/index.php?rest_route=\/wp\/v2\/posts\/2939\/revisions"}],"wp:attachment":[{"href":"https:\/\/www.ticmais.pt\/index.php?rest_route=%2Fwp%2Fv2%2Fmedia&parent=2939"}],"wp:term":[{"taxonomy":"category","embeddable":true,"href":"https:\/\/www.ticmais.pt\/index.php?rest_route=%2Fwp%2Fv2%2Fcategories&post=2939"},{"taxonomy":"post_tag","embeddable":true,"href":"https:\/\/www.ticmais.pt\/index.php?rest_route=%2Fwp%2Fv2%2Ftags&post=2939"}],"curies":[{"name":"wp","href":"https:\/\/api.w.org\/{rel}","templated":true}]}}