{"id":2942,"date":"2010-07-06T14:43:11","date_gmt":"2010-07-06T13:43:11","guid":{"rendered":"http:\/\/www.ticmais.pt\/?p=2942"},"modified":"2010-07-06T14:43:11","modified_gmt":"2010-07-06T13:43:11","slug":"fabricantes-de-portateis-apostam-em-adaptador-universal","status":"publish","type":"post","link":"https:\/\/www.ticmais.pt\/?p=2942","title":{"rendered":"Fabricantes de port\u00e1teis apostam em adaptador universal"},"content":{"rendered":"<table style=\"width: 100%;\" border=\"0\" cellspacing=\"5\" cellpadding=\"5\" align=\"justify\">\n<tbody>\n<tr>\n<td width=\"160\" valign=\"top\">\n<p style=\"text-align: justify;\"><img decoding=\"async\" src=\"\/\/www.ticmais.pt\/ticmais\/imagens\/Fabricantes%20de%20portateis%20apostam%20em%20adaptador%20universal.jpg\" alt=\"\" \/><\/p>\n<\/td>\n<td valign=\"top\">\n<p style=\"text-align: justify;\">Enquanto do lado dos telem\u00f3veis se aguarda pelos carregadores universais, fabricantes de port\u00e1teis como a Asus e a Acer decidiram avan\u00e7ar com uma parceria para a cria\u00e7\u00e3o de adaptadores de corrente comuns. <a href=\"http:\/\/tek.sapo.pt\/noticias\/computadores\/fabricantes_de_portateis_apostam_em_adaptador_1076978.html\" target=\"_blank\">Mais&#8230;\u00a0<\/a><\/p>\n<\/td>\n<\/tr>\n<\/tbody>\n<\/table>\n<p><br class=\"spacer_\" \/><\/p>\n","protected":false},"excerpt":{"rendered":"<p>Enquanto do lado dos telem\u00f3veis se aguarda pelos carregadores universais, fabricantes de port\u00e1teis como a Asus e a Acer decidiram avan\u00e7ar com uma parceria para a cria\u00e7\u00e3o de adaptadores de corrente comuns. Mais&#8230;\u00a0<\/p>\n","protected":false},"author":1,"featured_media":0,"comment_status":"closed","ping_status":"closed","sticky":false,"template":"","format":"standard","meta":{"footnotes":""},"categories":[15],"tags":[204,196,332,1240],"class_list":["post-2942","post","type-post","status-publish","format-standard","hentry","category-tic-mais","tag-acer","tag-asus","tag-carregadores","tag-universais"],"_links":{"self":[{"href":"https:\/\/www.ticmais.pt\/index.php?rest_route=\/wp\/v2\/posts\/2942","targetHints":{"allow":["GET"]}}],"collection":[{"href":"https:\/\/www.ticmais.pt\/index.php?rest_route=\/wp\/v2\/posts"}],"about":[{"href":"https:\/\/www.ticmais.pt\/index.php?rest_route=\/wp\/v2\/types\/post"}],"author":[{"embeddable":true,"href":"https:\/\/www.ticmais.pt\/index.php?rest_route=\/wp\/v2\/users\/1"}],"replies":[{"embeddable":true,"href":"https:\/\/www.ticmais.pt\/index.php?rest_route=%2Fwp%2Fv2%2Fcomments&post=2942"}],"version-history":[{"count":0,"href":"https:\/\/www.ticmais.pt\/index.php?rest_route=\/wp\/v2\/posts\/2942\/revisions"}],"wp:attachment":[{"href":"https:\/\/www.ticmais.pt\/index.php?rest_route=%2Fwp%2Fv2%2Fmedia&parent=2942"}],"wp:term":[{"taxonomy":"category","embeddable":true,"href":"https:\/\/www.ticmais.pt\/index.php?rest_route=%2Fwp%2Fv2%2Fcategories&post=2942"},{"taxonomy":"post_tag","embeddable":true,"href":"https:\/\/www.ticmais.pt\/index.php?rest_route=%2Fwp%2Fv2%2Ftags&post=2942"}],"curies":[{"name":"wp","href":"https:\/\/api.w.org\/{rel}","templated":true}]}}