{"id":2944,"date":"2010-07-06T17:33:12","date_gmt":"2010-07-06T16:33:12","guid":{"rendered":"http:\/\/www.ticmais.pt\/?p=2944"},"modified":"2010-07-06T17:33:12","modified_gmt":"2010-07-06T16:33:12","slug":"cm-porto-lanca-balcao-de-atendimentovirtual","status":"publish","type":"post","link":"https:\/\/www.ticmais.pt\/?p=2944","title":{"rendered":"CM Porto lan\u00e7a Balc\u00e3o de AtendimentoVirtual"},"content":{"rendered":"<table style=\"width: 100%;\" border=\"0\" cellspacing=\"5\" cellpadding=\"5\" align=\"justify\">\n<tbody>\n<tr>\n<td width=\"160\" valign=\"top\">\n<p><img decoding=\"async\" src=\"\/\/www.ticmais.pt\/ticmais\/imagens\/CM%20Porto%20lanca%20Balcao%20de%20AtendimentoVirtual.jpg\" alt=\"\" \/><\/p>\n<\/td>\n<td valign=\"top\">\n<p style=\"text-align: justify;\">A C\u00e2mara Municipal do Porto lan\u00e7ou o <a href=\"http:\/\/balcaovirtual.cm-porto.pt\/\" target=\"_blank\">Balc\u00e3o de Atendimento Virtual<\/a>, \u201cque permite ao mun\u00edcipe ou ao cidad\u00e3o em geral interagir com a C\u00e2mara a qualquer hora do dia ou da noite, independentemente da sua localiza\u00e7\u00e3o geogr\u00e1fica, bastando apenas ter ao alcance um simples computador\u201d, conforme se pode ler no comunicado da autarquia.\u00a0 <a href=\"http:\/\/www.i-gov.org\/index.php?article=13566&amp;visual=2\" target=\"_blank\">Mais&#8230;<\/a><\/p>\n<\/td>\n<\/tr>\n<\/tbody>\n<\/table>\n<p><br class=\"spacer_\" \/><\/p>\n","protected":false},"excerpt":{"rendered":"<p>A C\u00e2mara Municipal do Porto lan\u00e7ou o Balc\u00e3o de Atendimento Virtual, \u201cque permite ao mun\u00edcipe ou ao cidad\u00e3o em geral interagir com a C\u00e2mara a qualquer hora do dia ou da noite, independentemente da sua localiza\u00e7\u00e3o geogr\u00e1fica, bastando apenas ter ao alcance um simples computador\u201d, conforme se pode ler no comunicado da autarquia.\u00a0 Mais&#8230;<\/p>\n","protected":false},"author":1,"featured_media":0,"comment_status":"closed","ping_status":"closed","sticky":false,"template":"","format":"standard","meta":{"footnotes":""},"categories":[15],"tags":[706,1241,7,9,12,552],"class_list":["post-2944","post","type-post","status-publish","format-standard","hentry","category-tic-mais","tag-atendimento","tag-balcao","tag-egov","tag-modernizacao-administrativa","tag-municipios","tag-virtual"],"_links":{"self":[{"href":"https:\/\/www.ticmais.pt\/index.php?rest_route=\/wp\/v2\/posts\/2944","targetHints":{"allow":["GET"]}}],"collection":[{"href":"https:\/\/www.ticmais.pt\/index.php?rest_route=\/wp\/v2\/posts"}],"about":[{"href":"https:\/\/www.ticmais.pt\/index.php?rest_route=\/wp\/v2\/types\/post"}],"author":[{"embeddable":true,"href":"https:\/\/www.ticmais.pt\/index.php?rest_route=\/wp\/v2\/users\/1"}],"replies":[{"embeddable":true,"href":"https:\/\/www.ticmais.pt\/index.php?rest_route=%2Fwp%2Fv2%2Fcomments&post=2944"}],"version-history":[{"count":0,"href":"https:\/\/www.ticmais.pt\/index.php?rest_route=\/wp\/v2\/posts\/2944\/revisions"}],"wp:attachment":[{"href":"https:\/\/www.ticmais.pt\/index.php?rest_route=%2Fwp%2Fv2%2Fmedia&parent=2944"}],"wp:term":[{"taxonomy":"category","embeddable":true,"href":"https:\/\/www.ticmais.pt\/index.php?rest_route=%2Fwp%2Fv2%2Fcategories&post=2944"},{"taxonomy":"post_tag","embeddable":true,"href":"https:\/\/www.ticmais.pt\/index.php?rest_route=%2Fwp%2Fv2%2Ftags&post=2944"}],"curies":[{"name":"wp","href":"https:\/\/api.w.org\/{rel}","templated":true}]}}