{"id":2956,"date":"2010-07-07T23:07:50","date_gmt":"2010-07-07T22:07:50","guid":{"rendered":"http:\/\/www.ticmais.pt\/?p=2956"},"modified":"2010-07-07T23:07:50","modified_gmt":"2010-07-07T22:07:50","slug":"o-protao-e-afinal-mais-pequeno","status":"publish","type":"post","link":"https:\/\/www.ticmais.pt\/?p=2956","title":{"rendered":"O prot\u00e3o \u00e9, afinal, mais pequeno!"},"content":{"rendered":"<table style=\"width: 100%;\" border=\"0\" cellspacing=\"5\" cellpadding=\"5\" align=\"justify\">\n<tbody>\n<tr>\n<td width=\"160\" valign=\"top\">\n<p><img decoding=\"async\" src=\"\/\/www.ticmais.pt\/ticmais\/imagens\/O%20protao%20e,%20afinal,%20mais%20pequeno!.jpg\" alt=\"\" \/><\/p>\n<\/td>\n<td valign=\"top\">\n<p style=\"text-align: justify;\">Uma equipa internacional de investigadores, da qual faz parte um grupo de investigadores de Coimbra e Aveiro \u2013 o investigador Joaquim Santos, da Universidade de Coimbra, coordenou a equipa portuguesa &#8211; verificou que o prot\u00e3o \u00e9, afinal, mais pequeno do que o assumido at\u00e9 agora pela comunidade cient\u00edfica. <a href=\"http:\/\/www.cienciahoje.pt\/index.php?oid=43878&amp;op=all#cont\" target=\"_blank\">Mais&#8230;<\/a><\/p>\n<\/td>\n<\/tr>\n<\/tbody>\n<\/table>\n<p><br class=\"spacer_\" \/><\/p>\n","protected":false},"excerpt":{"rendered":"<p>Uma equipa internacional de investigadores, da qual faz parte um grupo de investigadores de Coimbra e Aveiro \u2013 o investigador Joaquim Santos, da Universidade de Coimbra, coordenou a equipa portuguesa &#8211; verificou que o prot\u00e3o \u00e9, afinal, mais pequeno do que o assumido at\u00e9 agora pela comunidade cient\u00edfica. Mais&#8230;<\/p>\n","protected":false},"author":1,"featured_media":0,"comment_status":"closed","ping_status":"closed","sticky":false,"template":"","format":"standard","meta":{"footnotes":""},"categories":[15],"tags":[1143,81,1249,255,1250,791,339],"class_list":["post-2956","post","type-post","status-publish","format-standard","hentry","category-tic-mais","tag-aveiro","tag-ciencia","tag-coimbra","tag-investigacao","tag-nature","tag-revistas","tag-universidade"],"_links":{"self":[{"href":"https:\/\/www.ticmais.pt\/index.php?rest_route=\/wp\/v2\/posts\/2956","targetHints":{"allow":["GET"]}}],"collection":[{"href":"https:\/\/www.ticmais.pt\/index.php?rest_route=\/wp\/v2\/posts"}],"about":[{"href":"https:\/\/www.ticmais.pt\/index.php?rest_route=\/wp\/v2\/types\/post"}],"author":[{"embeddable":true,"href":"https:\/\/www.ticmais.pt\/index.php?rest_route=\/wp\/v2\/users\/1"}],"replies":[{"embeddable":true,"href":"https:\/\/www.ticmais.pt\/index.php?rest_route=%2Fwp%2Fv2%2Fcomments&post=2956"}],"version-history":[{"count":0,"href":"https:\/\/www.ticmais.pt\/index.php?rest_route=\/wp\/v2\/posts\/2956\/revisions"}],"wp:attachment":[{"href":"https:\/\/www.ticmais.pt\/index.php?rest_route=%2Fwp%2Fv2%2Fmedia&parent=2956"}],"wp:term":[{"taxonomy":"category","embeddable":true,"href":"https:\/\/www.ticmais.pt\/index.php?rest_route=%2Fwp%2Fv2%2Fcategories&post=2956"},{"taxonomy":"post_tag","embeddable":true,"href":"https:\/\/www.ticmais.pt\/index.php?rest_route=%2Fwp%2Fv2%2Ftags&post=2956"}],"curies":[{"name":"wp","href":"https:\/\/api.w.org\/{rel}","templated":true}]}}