{"id":2971,"date":"2010-07-12T15:06:31","date_gmt":"2010-07-12T14:06:31","guid":{"rendered":"http:\/\/www.ticmais.pt\/?p=2971"},"modified":"2010-07-12T15:06:31","modified_gmt":"2010-07-12T14:06:31","slug":"samsung-aposta-na-democratizacao-dos-smartphones-com-a-plataforma-bada-e-a-samsung-apps-store","status":"publish","type":"post","link":"https:\/\/www.ticmais.pt\/?p=2971","title":{"rendered":"SAMSUNG aposta na democratiza\u00e7\u00e3o dos Smartphones com a plataforma Bada e a SAMSUNG Apps Store"},"content":{"rendered":"<table style=\"width: 100%;\" border=\"0\" cellspacing=\"5\" cellpadding=\"5\" align=\"justify\">\n<tbody>\n<tr>\n<td width=\"160\" valign=\"top\">\n<p><img decoding=\"async\" src=\"\/\/www.ticmais.pt\/ticmais\/imagens\/SAMSUNG%20aposta%20na%20democratizacao%20dos%20Smartphones%20com%20a%20plataforma%20Bada%20e%20a%20SAMSUNG%20Apps%20Store.jpg\" alt=\"\" \/><\/p>\n<\/td>\n<td valign=\"top\">\n<p style=\"text-align: justify;\">A Samsung Electr\u00f3nica Portuguesa (SEP) promoveu o \u201cbada Mentes Brilhantes\u201d, um semin\u00e1rio que contou com a presen\u00e7a de programadores, profissionais independentes e estudantes, com o objectivo de promover o desenvolvimento de aplica\u00e7\u00f5es locais. <a href=\"http:\/\/www.tecnologia.com.pt\/2010\/07\/samsung-aposta-na-democratizacao-dos-smartphones-com-a-plataforma-bada-e-a-samsung-apps-store\/\" target=\"_blank\">Mais&#8230;<\/a><\/p>\n<p style=\"text-align: justify;\"><strong>Not\u00edcias relacionadas:<br \/>\n<\/strong><a href=\"http:\/\/www.bit.pt\/index.php?option=com_content&amp;view=article&amp;id=190:ndrive-rompe-com-apple-e-alia-se-a-samsung&amp;catid=50:telemoveis&amp;Itemid=185\" target=\"_blank\">nDrive sai da Apple e alia-se \u00e0 Samsung<\/a><\/p>\n<\/td>\n<\/tr>\n<\/tbody>\n<\/table>\n<p><br class=\"spacer_\" \/><\/p>\n","protected":false},"excerpt":{"rendered":"<p>A Samsung Electr\u00f3nica Portuguesa (SEP) promoveu o \u201cbada Mentes Brilhantes\u201d, um semin\u00e1rio que contou com a presen\u00e7a de programadores, profissionais independentes e estudantes, com o objectivo de promover o desenvolvimento de aplica\u00e7\u00f5es locais. Mais&#8230; Not\u00edcias relacionadas: nDrive sai da Apple e alia-se \u00e0 Samsung<\/p>\n","protected":false},"author":1,"featured_media":0,"comment_status":"closed","ping_status":"closed","sticky":false,"template":"","format":"standard","meta":{"footnotes":""},"categories":[15],"tags":[1266,535,94],"class_list":["post-2971","post","type-post","status-publish","format-standard","hentry","category-tic-mais","tag-apps","tag-bada","tag-samsung"],"_links":{"self":[{"href":"https:\/\/www.ticmais.pt\/index.php?rest_route=\/wp\/v2\/posts\/2971","targetHints":{"allow":["GET"]}}],"collection":[{"href":"https:\/\/www.ticmais.pt\/index.php?rest_route=\/wp\/v2\/posts"}],"about":[{"href":"https:\/\/www.ticmais.pt\/index.php?rest_route=\/wp\/v2\/types\/post"}],"author":[{"embeddable":true,"href":"https:\/\/www.ticmais.pt\/index.php?rest_route=\/wp\/v2\/users\/1"}],"replies":[{"embeddable":true,"href":"https:\/\/www.ticmais.pt\/index.php?rest_route=%2Fwp%2Fv2%2Fcomments&post=2971"}],"version-history":[{"count":0,"href":"https:\/\/www.ticmais.pt\/index.php?rest_route=\/wp\/v2\/posts\/2971\/revisions"}],"wp:attachment":[{"href":"https:\/\/www.ticmais.pt\/index.php?rest_route=%2Fwp%2Fv2%2Fmedia&parent=2971"}],"wp:term":[{"taxonomy":"category","embeddable":true,"href":"https:\/\/www.ticmais.pt\/index.php?rest_route=%2Fwp%2Fv2%2Fcategories&post=2971"},{"taxonomy":"post_tag","embeddable":true,"href":"https:\/\/www.ticmais.pt\/index.php?rest_route=%2Fwp%2Fv2%2Ftags&post=2971"}],"curies":[{"name":"wp","href":"https:\/\/api.w.org\/{rel}","templated":true}]}}