{"id":2977,"date":"2010-07-13T17:22:36","date_gmt":"2010-07-13T16:22:36","guid":{"rendered":"http:\/\/www.ticmais.pt\/?p=2977"},"modified":"2010-07-13T17:22:36","modified_gmt":"2010-07-13T16:22:36","slug":"mercado-de-electronica-cresce-menos-na-europa","status":"publish","type":"post","link":"https:\/\/www.ticmais.pt\/?p=2977","title":{"rendered":"Mercado de electr\u00f3nica cresce menos na Europa"},"content":{"rendered":"<table style=\"width: 100%;\" border=\"0\" cellspacing=\"5\" cellpadding=\"5\" align=\"justify\">\n<tbody>\n<tr>\n<td width=\"160\" valign=\"top\">\n<p><img decoding=\"async\" src=\"\/\/www.ticmais.pt\/ticmais\/imagens\/Mercado%20de%20electronica%20cresce%20menos%20na%20Europa.jpg\" alt=\"\" \/><\/p>\n<\/td>\n<td valign=\"top\">\n<p style=\"text-align: justify;\">Electr\u00f3nica de consumo, tecnologias de informa\u00e7\u00e3o, fotografia e telecomunica\u00e7\u00f5es apresentam um crescimento generalizado da factura\u00e7\u00e3o em todo o Mundo, nos primeiros meses de 2010, mas a Europa fica aqu\u00e9m das demais regi\u00f5es. <a href=\"http:\/\/tek.sapo.pt\/noticias\/negocios\/mercado_de_electronica_cresce_menos_na_europa_1078128.html\" target=\"_blank\">Mais&#8230;<\/a><\/p>\n<\/td>\n<\/tr>\n<\/tbody>\n<\/table>\n<p><br class=\"spacer_\" \/><\/p>\n","protected":false},"excerpt":{"rendered":"<p>Electr\u00f3nica de consumo, tecnologias de informa\u00e7\u00e3o, fotografia e telecomunica\u00e7\u00f5es apresentam um crescimento generalizado da factura\u00e7\u00e3o em todo o Mundo, nos primeiros meses de 2010, mas a Europa fica aqu\u00e9m das demais regi\u00f5es. Mais&#8230;<\/p>\n","protected":false},"author":1,"featured_media":0,"comment_status":"closed","ping_status":"closed","sticky":false,"template":"","format":"standard","meta":{"footnotes":""},"categories":[15],"tags":[245,359,559,1272,1072,28],"class_list":["post-2977","post","type-post","status-publish","format-standard","hentry","category-tic-mais","tag-crise","tag-electronica","tag-europa","tag-mercado","tag-mundo","tag-tecnologia"],"_links":{"self":[{"href":"https:\/\/www.ticmais.pt\/index.php?rest_route=\/wp\/v2\/posts\/2977","targetHints":{"allow":["GET"]}}],"collection":[{"href":"https:\/\/www.ticmais.pt\/index.php?rest_route=\/wp\/v2\/posts"}],"about":[{"href":"https:\/\/www.ticmais.pt\/index.php?rest_route=\/wp\/v2\/types\/post"}],"author":[{"embeddable":true,"href":"https:\/\/www.ticmais.pt\/index.php?rest_route=\/wp\/v2\/users\/1"}],"replies":[{"embeddable":true,"href":"https:\/\/www.ticmais.pt\/index.php?rest_route=%2Fwp%2Fv2%2Fcomments&post=2977"}],"version-history":[{"count":0,"href":"https:\/\/www.ticmais.pt\/index.php?rest_route=\/wp\/v2\/posts\/2977\/revisions"}],"wp:attachment":[{"href":"https:\/\/www.ticmais.pt\/index.php?rest_route=%2Fwp%2Fv2%2Fmedia&parent=2977"}],"wp:term":[{"taxonomy":"category","embeddable":true,"href":"https:\/\/www.ticmais.pt\/index.php?rest_route=%2Fwp%2Fv2%2Fcategories&post=2977"},{"taxonomy":"post_tag","embeddable":true,"href":"https:\/\/www.ticmais.pt\/index.php?rest_route=%2Fwp%2Fv2%2Ftags&post=2977"}],"curies":[{"name":"wp","href":"https:\/\/api.w.org\/{rel}","templated":true}]}}