{"id":2990,"date":"2010-07-15T23:59:30","date_gmt":"2010-07-15T22:59:30","guid":{"rendered":"http:\/\/www.ticmais.pt\/?p=2990"},"modified":"2010-07-15T23:59:30","modified_gmt":"2010-07-15T22:59:30","slug":"apple-vai-falar-sobre-o-iphone4-amanha","status":"publish","type":"post","link":"https:\/\/www.ticmais.pt\/?p=2990","title":{"rendered":"Apple vai falar sobre o iPhone4 amanh\u00e3\u2026"},"content":{"rendered":"<table style=\"width: 100%;\" border=\"0\" cellspacing=\"5\" cellpadding=\"5\" align=\"justify\">\n<tbody>\n<tr>\n<td style=\"text-align: justify;\" width=\"160\" valign=\"top\">\n<p><img decoding=\"async\" src=\"\/\/www.ticmais.pt\/ticmais\/imagens\/Apple%20vai%20falar%20sobre%20o%20iPhone4%20amanha.jpg\" alt=\"\" \/><\/p>\n<\/td>\n<td style=\"text-align: justify;\" valign=\"top\">\n<p><strong>\u2026 acerca do problema da antena.<\/strong><\/p>\n<p style=\"text-align: justify;\">Amanh\u00e3 (dia 16 pelas 18 horas de Portugal continental), a Apple vai dar uma confer\u00eancia de imprensa e, ao que tudo indica, ser\u00e1 sobre o t\u00e3o falado problema da antena. <a href=\"http:\/\/pplware.sapo.pt\/apple\/apple-vai-falar-sobre-o-iphone4-amanha\/\" target=\"_blank\">Mais&#8230;<\/a><\/p>\n<\/td>\n<\/tr>\n<\/tbody>\n<\/table>\n<p><br class=\"spacer_\" \/><\/p>\n","protected":false},"excerpt":{"rendered":"<p>\u2026 acerca do problema da antena. Amanh\u00e3 (dia 16 pelas 18 horas de Portugal continental), a Apple vai dar uma confer\u00eancia de imprensa e, ao que tudo indica, ser\u00e1 sobre o t\u00e3o falado problema da antena. Mais&#8230;<\/p>\n","protected":false},"author":1,"featured_media":0,"comment_status":"closed","ping_status":"closed","sticky":false,"template":"","format":"standard","meta":{"footnotes":""},"categories":[15],"tags":[1283,103,1148,87],"class_list":["post-2990","post","type-post","status-publish","format-standard","hentry","category-tic-mais","tag-antena","tag-apple","tag-iphone-4","tag-smartphones"],"_links":{"self":[{"href":"https:\/\/www.ticmais.pt\/index.php?rest_route=\/wp\/v2\/posts\/2990","targetHints":{"allow":["GET"]}}],"collection":[{"href":"https:\/\/www.ticmais.pt\/index.php?rest_route=\/wp\/v2\/posts"}],"about":[{"href":"https:\/\/www.ticmais.pt\/index.php?rest_route=\/wp\/v2\/types\/post"}],"author":[{"embeddable":true,"href":"https:\/\/www.ticmais.pt\/index.php?rest_route=\/wp\/v2\/users\/1"}],"replies":[{"embeddable":true,"href":"https:\/\/www.ticmais.pt\/index.php?rest_route=%2Fwp%2Fv2%2Fcomments&post=2990"}],"version-history":[{"count":0,"href":"https:\/\/www.ticmais.pt\/index.php?rest_route=\/wp\/v2\/posts\/2990\/revisions"}],"wp:attachment":[{"href":"https:\/\/www.ticmais.pt\/index.php?rest_route=%2Fwp%2Fv2%2Fmedia&parent=2990"}],"wp:term":[{"taxonomy":"category","embeddable":true,"href":"https:\/\/www.ticmais.pt\/index.php?rest_route=%2Fwp%2Fv2%2Fcategories&post=2990"},{"taxonomy":"post_tag","embeddable":true,"href":"https:\/\/www.ticmais.pt\/index.php?rest_route=%2Fwp%2Fv2%2Ftags&post=2990"}],"curies":[{"name":"wp","href":"https:\/\/api.w.org\/{rel}","templated":true}]}}