{"id":2992,"date":"2010-07-16T17:42:00","date_gmt":"2010-07-16T16:42:00","guid":{"rendered":"http:\/\/www.ticmais.pt\/?p=2992"},"modified":"2010-07-16T17:42:00","modified_gmt":"2010-07-16T16:42:00","slug":"oculos-com-graduacao-ajustavel","status":"publish","type":"post","link":"https:\/\/www.ticmais.pt\/?p=2992","title":{"rendered":"\u00d3culos com gradua\u00e7\u00e3o ajust\u00e1vel"},"content":{"rendered":"<table style=\"width: 100%;\" border=\"0\" cellspacing=\"5\" cellpadding=\"5\" align=\"justify\">\n<tbody>\n<tr>\n<td width=\"160\" valign=\"top\">\n<p><img decoding=\"async\" src=\"\/\/www.ticmais.pt\/ticmais\/imagens\/Oculos%20com%20graduacao%20ajustavel.jpg\" alt=\"\" \/><\/p>\n<\/td>\n<td valign=\"top\">\n<p style=\"text-align: justify;\">Talvez o <em>design<\/em> n\u00e3o seja dos mais atraentes, mas esta pode ser a solu\u00e7\u00e3o para muitas popula\u00e7\u00f5es carenciadas que t\u00eam as suas vidas prejudicadas por conta das limita\u00e7\u00f5es visuais. Estes modelos podem ser adaptados a diversas receitas e at\u00e9 partilhados com outros utilizadores. <a href=\"http:\/\/olhardigital.uol.com.br\/produtos\/digital_news\/oculos-com-grau-ajustavel-sim-e-possivel\/12826\" target=\"_blank\">Mais&#8230;<\/a><\/p>\n<p><br class=\"spacer_\" \/><\/p>\n<\/td>\n<\/tr>\n<\/tbody>\n<\/table>\n<p><br class=\"spacer_\" \/><\/p>\n","protected":false},"excerpt":{"rendered":"<p>Talvez o design n\u00e3o seja dos mais atraentes, mas esta pode ser a solu\u00e7\u00e3o para muitas popula\u00e7\u00f5es carenciadas que t\u00eam as suas vidas prejudicadas por conta das limita\u00e7\u00f5es visuais. Estes modelos podem ser adaptados a diversas receitas e at\u00e9 partilhados com outros utilizadores. Mais&#8230;<\/p>\n","protected":false},"author":1,"featured_media":0,"comment_status":"closed","ping_status":"closed","sticky":false,"template":"","format":"standard","meta":{"footnotes":""},"categories":[15],"tags":[1287,996,1288],"class_list":["post-2992","post","type-post","status-publish","format-standard","hentry","category-tic-mais","tag-carenciados","tag-oculos","tag-populacao"],"_links":{"self":[{"href":"https:\/\/www.ticmais.pt\/index.php?rest_route=\/wp\/v2\/posts\/2992","targetHints":{"allow":["GET"]}}],"collection":[{"href":"https:\/\/www.ticmais.pt\/index.php?rest_route=\/wp\/v2\/posts"}],"about":[{"href":"https:\/\/www.ticmais.pt\/index.php?rest_route=\/wp\/v2\/types\/post"}],"author":[{"embeddable":true,"href":"https:\/\/www.ticmais.pt\/index.php?rest_route=\/wp\/v2\/users\/1"}],"replies":[{"embeddable":true,"href":"https:\/\/www.ticmais.pt\/index.php?rest_route=%2Fwp%2Fv2%2Fcomments&post=2992"}],"version-history":[{"count":0,"href":"https:\/\/www.ticmais.pt\/index.php?rest_route=\/wp\/v2\/posts\/2992\/revisions"}],"wp:attachment":[{"href":"https:\/\/www.ticmais.pt\/index.php?rest_route=%2Fwp%2Fv2%2Fmedia&parent=2992"}],"wp:term":[{"taxonomy":"category","embeddable":true,"href":"https:\/\/www.ticmais.pt\/index.php?rest_route=%2Fwp%2Fv2%2Fcategories&post=2992"},{"taxonomy":"post_tag","embeddable":true,"href":"https:\/\/www.ticmais.pt\/index.php?rest_route=%2Fwp%2Fv2%2Ftags&post=2992"}],"curies":[{"name":"wp","href":"https:\/\/api.w.org\/{rel}","templated":true}]}}