{"id":2993,"date":"2010-07-16T17:00:30","date_gmt":"2010-07-16T16:00:30","guid":{"rendered":"http:\/\/www.ticmais.pt\/?p=2993"},"modified":"2010-07-16T17:00:30","modified_gmt":"2010-07-16T16:00:30","slug":"portal-europeu-de-justica-ja-esta-disponivel","status":"publish","type":"post","link":"https:\/\/www.ticmais.pt\/?p=2993","title":{"rendered":"Portal Europeu de Justi\u00e7a j\u00e1 est\u00e1 dispon\u00edvel"},"content":{"rendered":"<table style=\"width: 100%;\" border=\"0\" cellspacing=\"5\" cellpadding=\"5\" align=\"justify\">\n<tbody>\n<tr>\n<td width=\"160\" valign=\"top\">\n<p><img decoding=\"async\" src=\"\/\/www.ticmais.pt\/ticmais\/imagens\/Portal%20Europeu%20de%20Justica%20ja%20esta%20disponivel.jpg\" alt=\"\" \/><\/p>\n<\/td>\n<td valign=\"top\">\n<p style=\"text-align: justify;\">A partir desta sexta-feira, os europeus passam a poder consultar online informa\u00e7\u00f5es sobre as v\u00e1rias leis em vigor nos pa\u00edses da UE, nas 22 l\u00ednguas comunit\u00e1rias. Numa fase posterior ser\u00e1 mesmo poss\u00edvel intentar ac\u00e7\u00f5es atrav\u00e9s da nova plataforma. <a href=\"http:\/\/tek.sapo.pt\/noticias\/internet\/portal_europeu_de_justica_ja_esta_disponivel_1078789.html\" target=\"_blank\">Mais&#8230;<br \/>\n<\/a><\/p>\n<p style=\"text-align: justify;\"><a rel=\"tag\" href=\"\/pesquisa.html?tag=portal\"><\/a><\/p>\n<\/td>\n<\/tr>\n<\/tbody>\n<\/table>\n<p><br class=\"spacer_\" \/><\/p>\n","protected":false},"excerpt":{"rendered":"<p>A partir desta sexta-feira, os europeus passam a poder consultar online informa\u00e7\u00f5es sobre as v\u00e1rias leis em vigor nos pa\u00edses da UE, nas 22 l\u00ednguas comunit\u00e1rias. Numa fase posterior ser\u00e1 mesmo poss\u00edvel intentar ac\u00e7\u00f5es atrav\u00e9s da nova plataforma. Mais&#8230;<\/p>\n","protected":false},"author":1,"featured_media":0,"comment_status":"closed","ping_status":"closed","sticky":false,"template":"","format":"standard","meta":{"footnotes":""},"categories":[15],"tags":[1289,288,1290,99],"class_list":["post-2993","post","type-post","status-publish","format-standard","hentry","category-tic-mais","tag-e-justice","tag-justica","tag-portal","tag-uniao-europeia"],"_links":{"self":[{"href":"https:\/\/www.ticmais.pt\/index.php?rest_route=\/wp\/v2\/posts\/2993","targetHints":{"allow":["GET"]}}],"collection":[{"href":"https:\/\/www.ticmais.pt\/index.php?rest_route=\/wp\/v2\/posts"}],"about":[{"href":"https:\/\/www.ticmais.pt\/index.php?rest_route=\/wp\/v2\/types\/post"}],"author":[{"embeddable":true,"href":"https:\/\/www.ticmais.pt\/index.php?rest_route=\/wp\/v2\/users\/1"}],"replies":[{"embeddable":true,"href":"https:\/\/www.ticmais.pt\/index.php?rest_route=%2Fwp%2Fv2%2Fcomments&post=2993"}],"version-history":[{"count":0,"href":"https:\/\/www.ticmais.pt\/index.php?rest_route=\/wp\/v2\/posts\/2993\/revisions"}],"wp:attachment":[{"href":"https:\/\/www.ticmais.pt\/index.php?rest_route=%2Fwp%2Fv2%2Fmedia&parent=2993"}],"wp:term":[{"taxonomy":"category","embeddable":true,"href":"https:\/\/www.ticmais.pt\/index.php?rest_route=%2Fwp%2Fv2%2Fcategories&post=2993"},{"taxonomy":"post_tag","embeddable":true,"href":"https:\/\/www.ticmais.pt\/index.php?rest_route=%2Fwp%2Fv2%2Ftags&post=2993"}],"curies":[{"name":"wp","href":"https:\/\/api.w.org\/{rel}","templated":true}]}}