{"id":3006,"date":"2010-07-20T23:46:19","date_gmt":"2010-07-20T22:46:19","guid":{"rendered":"http:\/\/www.ticmais.pt\/?p=3006"},"modified":"2010-07-20T23:46:19","modified_gmt":"2010-07-20T22:46:19","slug":"italianos-criam-veiculos-que-farao-13-mil-km-sem-motorista-ate-a-china","status":"publish","type":"post","link":"https:\/\/www.ticmais.pt\/?p=3006","title":{"rendered":"Italianos criam ve\u00edculos que far\u00e3o 13 mil km sem motorista at\u00e9 a China"},"content":{"rendered":"<table style=\"width: 100%;\" border=\"0\" cellspacing=\"5\" cellpadding=\"5\" align=\"justify\">\n<tbody>\n<tr>\n<td width=\"160\" valign=\"top\">\n<p><img decoding=\"async\" src=\"\/\/www.ticmais.pt\/ticmais\/imagens\/Italianos%20criam%20veiculos%20que%20farao%2013%20mil%20km%20sem%20motorista%20ate%20a%20China.jpg\" alt=\"\" \/><\/p>\n<\/td>\n<td valign=\"top\">\n<p style=\"text-align: justify;\">T\u00e9cnicos italianos desenvolveram em Parma dois carros el\u00e9ctricos que far\u00e3o, na pr\u00f3xima semana, o mais longo teste-drive sem motorista por 13 mil quil\u00f3metros em uma jornada de tr\u00eas meses da It\u00e1lia at\u00e9 a China. <a href=\"http:\/\/g1.globo.com\/carros\/noticia\/2010\/07\/italianos-criam-veiculos-que-farao-13-mil-km-sem-motorista-ate-china.html\" target=\"_blank\">Mais&#8230;<\/a><\/p>\n<\/td>\n<\/tr>\n<\/tbody>\n<\/table>\n<p><br class=\"spacer_\" \/><\/p>\n","protected":false},"excerpt":{"rendered":"<p>T\u00e9cnicos italianos desenvolveram em Parma dois carros el\u00e9ctricos que far\u00e3o, na pr\u00f3xima semana, o mais longo teste-drive sem motorista por 13 mil quil\u00f3metros em uma jornada de tr\u00eas meses da It\u00e1lia at\u00e9 a China. Mais&#8230;<\/p>\n","protected":false},"author":1,"featured_media":0,"comment_status":"closed","ping_status":"closed","sticky":false,"template":"","format":"standard","meta":{"footnotes":""},"categories":[15],"tags":[1298,59],"class_list":["post-3006","post","type-post","status-publish","format-standard","hentry","category-tic-mais","tag-sem-condutor","tag-veiculos-electricos"],"_links":{"self":[{"href":"https:\/\/www.ticmais.pt\/index.php?rest_route=\/wp\/v2\/posts\/3006","targetHints":{"allow":["GET"]}}],"collection":[{"href":"https:\/\/www.ticmais.pt\/index.php?rest_route=\/wp\/v2\/posts"}],"about":[{"href":"https:\/\/www.ticmais.pt\/index.php?rest_route=\/wp\/v2\/types\/post"}],"author":[{"embeddable":true,"href":"https:\/\/www.ticmais.pt\/index.php?rest_route=\/wp\/v2\/users\/1"}],"replies":[{"embeddable":true,"href":"https:\/\/www.ticmais.pt\/index.php?rest_route=%2Fwp%2Fv2%2Fcomments&post=3006"}],"version-history":[{"count":0,"href":"https:\/\/www.ticmais.pt\/index.php?rest_route=\/wp\/v2\/posts\/3006\/revisions"}],"wp:attachment":[{"href":"https:\/\/www.ticmais.pt\/index.php?rest_route=%2Fwp%2Fv2%2Fmedia&parent=3006"}],"wp:term":[{"taxonomy":"category","embeddable":true,"href":"https:\/\/www.ticmais.pt\/index.php?rest_route=%2Fwp%2Fv2%2Fcategories&post=3006"},{"taxonomy":"post_tag","embeddable":true,"href":"https:\/\/www.ticmais.pt\/index.php?rest_route=%2Fwp%2Fv2%2Ftags&post=3006"}],"curies":[{"name":"wp","href":"https:\/\/api.w.org\/{rel}","templated":true}]}}