{"id":3025,"date":"2010-07-30T12:32:24","date_gmt":"2010-07-30T11:32:24","guid":{"rendered":"http:\/\/www.ticmais.pt\/?p=3025"},"modified":"2010-07-30T12:32:24","modified_gmt":"2010-07-30T11:32:24","slug":"o-plastiki-ja-esta-em-sydney","status":"publish","type":"post","link":"https:\/\/www.ticmais.pt\/?p=3025","title":{"rendered":"O Plastiki j\u00e1 est\u00e1 em Sydney"},"content":{"rendered":"<table style=\"width: 100%;\" border=\"0\" cellspacing=\"5\" cellpadding=\"5\" align=\"justify\">\n<tbody>\n<tr>\n<td width=\"160\" valign=\"top\">\n<p><img decoding=\"async\" src=\"\/\/www.ticmais.pt\/ticmais\/imagens\/O%20Plastiki%20ja%20esta%20em%20Sydney.jpg\" alt=\"\" \/><\/p>\n<\/td>\n<td valign=\"top\">\n<p style=\"text-align: justify;\">Com a dura\u00e7\u00e3o de mais de quatro meses e 14.816 quil\u00f3metros percorridos, um catamar\u00e3 feito com 12500 garrafas de pl\u00e1stico terminou dia 26 de Julho, a sua viagem pelo Pac\u00edfico.\u00a0\u00a0\u00a0<\/p>\n<\/td>\n<\/tr>\n<\/tbody>\n<\/table>\n<p><!--more--><\/p>\n<table style=\"width: 100%;\" border=\"0\" cellspacing=\"5\" cellpadding=\"5\" align=\"justify\">\n<tbody>\n<tr>\n<td valign=\"top\">\n<p style=\"text-align: justify;\">A viagem no barco Plastiki foi uma ideia do ambientalista David de Rothchild.\u00a0O objectivo deste projecto visava alertar\u00a0para a polui\u00e7\u00e3o nos oceanos\u00a0\u201cA tripula\u00e7\u00e3o est\u00e1 mesmo muito feliz porque toda a gente disse que eles nunca seriam capazes de faz\u00ea-lo\u201d, disse a porta-voz Kim Mckay. O barco saiu de S\u00e3o Francisco a 20 de Mar\u00e7o e vai ficar no museu mar\u00edtimo em Sydney.<\/p>\n<p style=\"text-align: center;\"><img decoding=\"async\" class=\"aligncenter\" src=\"\/\/www.ticmais.pt\/ticmais\/imagens\/O%20Plastiki%20ja%20esta%20em%20Sydney%201.jpg\" alt=\"\" \/><\/p>\n<\/td>\n<\/tr>\n<tr>\n<td valign=\"top\">\n<p>Fonte: <a href=\"http:\/\/www.publico.clix.pt\/\" target=\"_blank\">P\u00fablico<\/a><\/p>\n<\/td>\n<\/tr>\n<\/tbody>\n<\/table>\n","protected":false},"excerpt":{"rendered":"<p>Com a dura\u00e7\u00e3o de mais de quatro meses e 14.816 quil\u00f3metros percorridos, um catamar\u00e3 feito com 12500 garrafas de pl\u00e1stico terminou dia 26 de Julho, a sua viagem pelo Pac\u00edfico.\u00a0\u00a0\u00a0<\/p>\n","protected":false},"author":1,"featured_media":0,"comment_status":"closed","ping_status":"closed","sticky":false,"template":"","format":"standard","meta":{"footnotes":""},"categories":[15],"tags":[24,1313,1314],"class_list":["post-3025","post","type-post","status-publish","format-standard","hentry","category-tic-mais","tag-ambiente","tag-barco","tag-plastiki"],"_links":{"self":[{"href":"https:\/\/www.ticmais.pt\/index.php?rest_route=\/wp\/v2\/posts\/3025","targetHints":{"allow":["GET"]}}],"collection":[{"href":"https:\/\/www.ticmais.pt\/index.php?rest_route=\/wp\/v2\/posts"}],"about":[{"href":"https:\/\/www.ticmais.pt\/index.php?rest_route=\/wp\/v2\/types\/post"}],"author":[{"embeddable":true,"href":"https:\/\/www.ticmais.pt\/index.php?rest_route=\/wp\/v2\/users\/1"}],"replies":[{"embeddable":true,"href":"https:\/\/www.ticmais.pt\/index.php?rest_route=%2Fwp%2Fv2%2Fcomments&post=3025"}],"version-history":[{"count":0,"href":"https:\/\/www.ticmais.pt\/index.php?rest_route=\/wp\/v2\/posts\/3025\/revisions"}],"wp:attachment":[{"href":"https:\/\/www.ticmais.pt\/index.php?rest_route=%2Fwp%2Fv2%2Fmedia&parent=3025"}],"wp:term":[{"taxonomy":"category","embeddable":true,"href":"https:\/\/www.ticmais.pt\/index.php?rest_route=%2Fwp%2Fv2%2Fcategories&post=3025"},{"taxonomy":"post_tag","embeddable":true,"href":"https:\/\/www.ticmais.pt\/index.php?rest_route=%2Fwp%2Fv2%2Ftags&post=3025"}],"curies":[{"name":"wp","href":"https:\/\/api.w.org\/{rel}","templated":true}]}}