{"id":3045,"date":"2010-08-10T23:27:09","date_gmt":"2010-08-10T22:27:09","guid":{"rendered":"http:\/\/www.ticmais.pt\/?p=3045"},"modified":"2010-08-10T23:27:09","modified_gmt":"2010-08-10T22:27:09","slug":"europa-tambem-investiga-bloqueio-da-apple-ao-flash","status":"publish","type":"post","link":"https:\/\/www.ticmais.pt\/?p=3045","title":{"rendered":"Europa tamb\u00e9m investiga bloqueio da Apple ao Flash"},"content":{"rendered":"<table style=\"width: 100%;\" border=\"0\" cellspacing=\"5\" cellpadding=\"5\" align=\"justify\">\n<tbody>\n<tr>\n<td width=\"160\" valign=\"top\">\n<p><img decoding=\"async\" src=\"\/\/www.ticmais.pt\/ticmais\/imagens\/Europa%20tambem%20investiga%20bloqueio%20da%20Apple%20ao%20Flash.jpg\" alt=\"\" \/><\/p>\n<\/td>\n<td valign=\"top\">\n<p>A recusa da Apple em suportar o Flash da Adobe no iPhone e iPad levou a uma investiga\u00e7\u00e3o, ainda n\u00e3o oficial, da FTC, a que se junta agora tamb\u00e9m a Comiss\u00e3o Europeia. <a href=\"http:\/\/tek.sapo.pt\/noticias\/computadores\/europa_tambem_investiga_bloqueio_da_apple_ao_1083694.html\" target=\"_blank\">Mais&#8230;<\/a>\u00a0<\/p>\n<\/td>\n<\/tr>\n<\/tbody>\n<\/table>\n<p><br class=\"spacer_\" \/><\/p>\n","protected":false},"excerpt":{"rendered":"<p>A recusa da Apple em suportar o Flash da Adobe no iPhone e iPad levou a uma investiga\u00e7\u00e3o, ainda n\u00e3o oficial, da FTC, a que se junta agora tamb\u00e9m a Comiss\u00e3o Europeia. Mais&#8230;\u00a0<\/p>\n","protected":false},"author":1,"featured_media":0,"comment_status":"closed","ping_status":"closed","sticky":false,"template":"","format":"standard","meta":{"footnotes":""},"categories":[15],"tags":[235,103,1328,262,1329,728,104],"class_list":["post-3045","post","type-post","status-publish","format-standard","hentry","category-tic-mais","tag-adobe","tag-apple","tag-ce","tag-flash","tag-ftc","tag-ipad","tag-iphone"],"_links":{"self":[{"href":"https:\/\/www.ticmais.pt\/index.php?rest_route=\/wp\/v2\/posts\/3045","targetHints":{"allow":["GET"]}}],"collection":[{"href":"https:\/\/www.ticmais.pt\/index.php?rest_route=\/wp\/v2\/posts"}],"about":[{"href":"https:\/\/www.ticmais.pt\/index.php?rest_route=\/wp\/v2\/types\/post"}],"author":[{"embeddable":true,"href":"https:\/\/www.ticmais.pt\/index.php?rest_route=\/wp\/v2\/users\/1"}],"replies":[{"embeddable":true,"href":"https:\/\/www.ticmais.pt\/index.php?rest_route=%2Fwp%2Fv2%2Fcomments&post=3045"}],"version-history":[{"count":0,"href":"https:\/\/www.ticmais.pt\/index.php?rest_route=\/wp\/v2\/posts\/3045\/revisions"}],"wp:attachment":[{"href":"https:\/\/www.ticmais.pt\/index.php?rest_route=%2Fwp%2Fv2%2Fmedia&parent=3045"}],"wp:term":[{"taxonomy":"category","embeddable":true,"href":"https:\/\/www.ticmais.pt\/index.php?rest_route=%2Fwp%2Fv2%2Fcategories&post=3045"},{"taxonomy":"post_tag","embeddable":true,"href":"https:\/\/www.ticmais.pt\/index.php?rest_route=%2Fwp%2Fv2%2Ftags&post=3045"}],"curies":[{"name":"wp","href":"https:\/\/api.w.org\/{rel}","templated":true}]}}